{"id":18573,"date":"2026-04-26T21:41:40","date_gmt":"2026-04-26T21:41:40","guid":{"rendered":"https:\/\/mitrerosario.com.ar\/inicio\/?p=18573"},"modified":"2026-04-26T21:41:40","modified_gmt":"2026-04-26T21:41:40","slug":"el-papa-leon-xiv-pidio-una-iglesia-con-las-puertas-abiertas","status":"publish","type":"post","link":"https:\/\/mitrerosario.com.ar\/inicio\/index.php\/2026\/04\/26\/el-papa-leon-xiv-pidio-una-iglesia-con-las-puertas-abiertas\/","title":{"rendered":"El papa Le\u00f3n XIV pidi\u00f3 una Iglesia \u201ccon las puertas abiertas\u201d"},"content":{"rendered":"\n<p>El papa Le\u00f3n XIV encabez\u00f3 este domingo en la Bas\u00edlica de San Pedro la ordenaci\u00f3n de nuevos sacerdotes de la di\u00f3cesis de Roma. Durante la ceremonia el pont\u00edfice brind\u00f3 un mensaje en el que inst\u00f3 a mantener una Iglesia abierta y cercana.<\/p>\n\n\n\n<p>En total fueron ocho los nuevos presb\u00edteros ordenados para Roma (seis italianos, un camerun\u00e9s y un colombiano), a los que se sumaron otros dos religiosos de distintas di\u00f3cesis. Durante la celebraci\u00f3n, el Papa les dijo: \u201cMantengan la puerta abierta. Dejen entrar y est\u00e9n listos para salir\u201d.<\/p>\n\n\n\n<p>El Pont\u00edfice pidi\u00f3 evitar posturas cerradas dentro de la Iglesia y advirti\u00f3 sobre los riesgos de estructuras r\u00edgidas: \u201cHay afiliaciones que sofocan, compa\u00f1\u00edas donde es f\u00e1cil entrar y casi imposible salir. No es as\u00ed la Iglesia del Se\u00f1or\u201d. En ese sentido, remarc\u00f3 que el rol del sacerdote debe ser el de acompa\u00f1ar y no limitar.<\/p>\n\n\n\n<p>Adem\u00e1s, llam\u00f3 a los nuevos presb\u00edteros a convertirse en promotores de paz en un contexto en el que la necesidad de seguridad \u00abvuelve los \u00e1nimos agresivos, encierra a las comunidades en s\u00ed mismas e instiga a buscar enemigos y chivos expiatorios\u00bb<\/p>\n\n\n\n<p>\u201cSalgan y encu\u00e9ntrense con la cultura, con la gente, con la vida\u201d, concluy\u00f3 el Papa.<\/p>\n","protected":false},"excerpt":{"rendered":"<p>El papa Le\u00f3n XIV encabez\u00f3 este domingo en la Bas\u00edlica de San Pedro la ordenaci\u00f3n de nuevos sacerdotes de la di\u00f3cesis de Roma. Durante la ceremonia el pont\u00edfice brind\u00f3 un mensaje en el que inst\u00f3 a mantener una Iglesia abierta y cercana. En total fueron ocho los nuevos presb\u00edteros ordenados para Roma (seis italianos, un [&hellip;]<\/p>\n","protected":false},"author":2,"featured_media":5638,"comment_status":"open","ping_status":"open","sticky":false,"template":"","format":"standard","meta":{"h5ap_radio_sources":[],"footnotes":""},"categories":[1],"tags":[],"class_list":["post-18573","post","type-post","status-publish","format-standard","has-post-thumbnail","hentry","category-uncategorized"],"_links":{"self":[{"href":"https:\/\/mitrerosario.com.ar\/inicio\/index.php\/wp-json\/wp\/v2\/posts\/18573","targetHints":{"allow":["GET"]}}],"collection":[{"href":"https:\/\/mitrerosario.com.ar\/inicio\/index.php\/wp-json\/wp\/v2\/posts"}],"about":[{"href":"https:\/\/mitrerosario.com.ar\/inicio\/index.php\/wp-json\/wp\/v2\/types\/post"}],"author":[{"embeddable":true,"href":"https:\/\/mitrerosario.com.ar\/inicio\/index.php\/wp-json\/wp\/v2\/users\/2"}],"replies":[{"embeddable":true,"href":"https:\/\/mitrerosario.com.ar\/inicio\/index.php\/wp-json\/wp\/v2\/comments?post=18573"}],"version-history":[{"count":1,"href":"https:\/\/mitrerosario.com.ar\/inicio\/index.php\/wp-json\/wp\/v2\/posts\/18573\/revisions"}],"predecessor-version":[{"id":18574,"href":"https:\/\/mitrerosario.com.ar\/inicio\/index.php\/wp-json\/wp\/v2\/posts\/18573\/revisions\/18574"}],"wp:featuredmedia":[{"embeddable":true,"href":"https:\/\/mitrerosario.com.ar\/inicio\/index.php\/wp-json\/wp\/v2\/media\/5638"}],"wp:attachment":[{"href":"https:\/\/mitrerosario.com.ar\/inicio\/index.php\/wp-json\/wp\/v2\/media?parent=18573"}],"wp:term":[{"taxonomy":"category","embeddable":true,"href":"https:\/\/mitrerosario.com.ar\/inicio\/index.php\/wp-json\/wp\/v2\/categories?post=18573"},{"taxonomy":"post_tag","embeddable":true,"href":"https:\/\/mitrerosario.com.ar\/inicio\/index.php\/wp-json\/wp\/v2\/tags?post=18573"}],"curies":[{"name":"wp","href":"https:\/\/api.w.org\/{rel}","templated":true}]}}