{"id":18583,"date":"2026-04-27T00:05:22","date_gmt":"2026-04-27T00:05:22","guid":{"rendered":"https:\/\/mitrerosario.com.ar\/inicio\/?p=18583"},"modified":"2026-04-27T00:05:22","modified_gmt":"2026-04-27T00:05:22","slug":"milei-cierra-abril-con-una-agenda-cargada-y-el-respaldo-a-adorni-en-el-congreso","status":"publish","type":"post","link":"https:\/\/mitrerosario.com.ar\/inicio\/index.php\/2026\/04\/27\/milei-cierra-abril-con-una-agenda-cargada-y-el-respaldo-a-adorni-en-el-congreso\/","title":{"rendered":"Milei cierra abril con una agenda cargada y el respaldo a Adorni en el Congreso"},"content":{"rendered":"\n<p>El presidente Javier Milei tendr\u00e1 una agenda intensa esta semana con actividades pol\u00edticas y acad\u00e9micas incluidas. Entre los puntos m\u00e1s destacados aparece su presencia en el Congreso, donde acompa\u00f1ar\u00e1 a Manuel Adorni en la presentaci\u00f3n del informe de gesti\u00f3n, en medio de la situaci\u00f3n judicial que atraviesa el funcionario.<\/p>\n\n\n\n<p>El lunes 27, el mandatario encabezar\u00e1 una reuni\u00f3n de Gabinete en la Casa Rosada junto a la secretaria general de la Presidencia, Karina Milei, y el resto de los ministros.<\/p>\n\n\n\n<p>Para el martes 28, est\u00e1 prevista su participaci\u00f3n en una disertaci\u00f3n en el Palacio Libertad, donde expondr\u00e1 en un debate titulado \u201cKeynes y la Teor\u00eda General\u201d, acompa\u00f1ado por economistas y dirigentes de su espacio.<\/p>\n\n\n\n<p>El momento pol\u00edtico m\u00e1s relevante ser\u00e1 el mi\u00e9rcoles 29 en el Congreso de la Naci\u00f3n Argentina, donde Milei se mostrar\u00e1 junto a Adorni durante el informe de gesti\u00f3n ante Diputados, en un gesto de respaldo por parte del presidente.<\/p>\n\n\n\n<p>La semana cerrar\u00e1 el jueves 30 con reuniones en la Quinta de Olivos, enfocadas en el seguimiento de reformas y la planificaci\u00f3n econ\u00f3mica de cara a mayo.<\/p>\n","protected":false},"excerpt":{"rendered":"<p>El presidente Javier Milei tendr\u00e1 una agenda intensa esta semana con actividades pol\u00edticas y acad\u00e9micas incluidas. Entre los puntos m\u00e1s destacados aparece su presencia en el Congreso, donde acompa\u00f1ar\u00e1 a Manuel Adorni en la presentaci\u00f3n del informe de gesti\u00f3n, en medio de la situaci\u00f3n judicial que atraviesa el funcionario. El lunes 27, el mandatario encabezar\u00e1 [&hellip;]<\/p>\n","protected":false},"author":2,"featured_media":18584,"comment_status":"open","ping_status":"open","sticky":false,"template":"","format":"standard","meta":{"h5ap_radio_sources":[],"footnotes":""},"categories":[1],"tags":[],"class_list":["post-18583","post","type-post","status-publish","format-standard","has-post-thumbnail","hentry","category-uncategorized"],"_links":{"self":[{"href":"https:\/\/mitrerosario.com.ar\/inicio\/index.php\/wp-json\/wp\/v2\/posts\/18583","targetHints":{"allow":["GET"]}}],"collection":[{"href":"https:\/\/mitrerosario.com.ar\/inicio\/index.php\/wp-json\/wp\/v2\/posts"}],"about":[{"href":"https:\/\/mitrerosario.com.ar\/inicio\/index.php\/wp-json\/wp\/v2\/types\/post"}],"author":[{"embeddable":true,"href":"https:\/\/mitrerosario.com.ar\/inicio\/index.php\/wp-json\/wp\/v2\/users\/2"}],"replies":[{"embeddable":true,"href":"https:\/\/mitrerosario.com.ar\/inicio\/index.php\/wp-json\/wp\/v2\/comments?post=18583"}],"version-history":[{"count":1,"href":"https:\/\/mitrerosario.com.ar\/inicio\/index.php\/wp-json\/wp\/v2\/posts\/18583\/revisions"}],"predecessor-version":[{"id":18585,"href":"https:\/\/mitrerosario.com.ar\/inicio\/index.php\/wp-json\/wp\/v2\/posts\/18583\/revisions\/18585"}],"wp:featuredmedia":[{"embeddable":true,"href":"https:\/\/mitrerosario.com.ar\/inicio\/index.php\/wp-json\/wp\/v2\/media\/18584"}],"wp:attachment":[{"href":"https:\/\/mitrerosario.com.ar\/inicio\/index.php\/wp-json\/wp\/v2\/media?parent=18583"}],"wp:term":[{"taxonomy":"category","embeddable":true,"href":"https:\/\/mitrerosario.com.ar\/inicio\/index.php\/wp-json\/wp\/v2\/categories?post=18583"},{"taxonomy":"post_tag","embeddable":true,"href":"https:\/\/mitrerosario.com.ar\/inicio\/index.php\/wp-json\/wp\/v2\/tags?post=18583"}],"curies":[{"name":"wp","href":"https:\/\/api.w.org\/{rel}","templated":true}]}}