{"id":18635,"date":"2026-04-28T10:38:12","date_gmt":"2026-04-28T10:38:12","guid":{"rendered":"https:\/\/mitrerosario.com.ar\/inicio\/?p=18635"},"modified":"2026-04-28T10:38:12","modified_gmt":"2026-04-28T10:38:12","slug":"martes-fresco-con-nubosidad-variable-en-rosario","status":"publish","type":"post","link":"https:\/\/mitrerosario.com.ar\/inicio\/index.php\/2026\/04\/28\/martes-fresco-con-nubosidad-variable-en-rosario\/","title":{"rendered":"Martes fresco con nubosidad variable en Rosario"},"content":{"rendered":"\n<p>El Servicio Meteorol\u00f3gico Nacional (SMN) anunci\u00f3 que este martes 28 de abril ser\u00e1 un d\u00eda de bajas temperaturas en Rosario, con cielo mayormente nublado por la ma\u00f1ana y algo nublado para la tarde en la ciudad.<\/p>\n\n\n\n<p>La m\u00e1xima ser\u00e1 de 20 grados y la m\u00ednima de 6, mientras que la visibilidad se encuentra en par\u00e1metros estables, a 15 kil\u00f3metros. Adem\u00e1s, la humedad subi\u00f3 a un 88 por ciento y se registraron vientos que soplan desde el sector norte a 4 kil\u00f3metros por hora.<\/p>\n\n\n\n<p>La \u00faltima semana del mes contin\u00faa este mi\u00e9rcoles 29 de abril y se espera una jornada parcialmente nublada en el territorio local. La m\u00e1xima ser\u00e1 de 21 y la m\u00ednima de 10. No se prev\u00e9n precipiaciones para los pr\u00f3ximos d\u00edas.<\/p>\n","protected":false},"excerpt":{"rendered":"<p>El Servicio Meteorol\u00f3gico Nacional prev\u00e9 una m\u00e1xima de 20 grados y una m\u00ednima de 6 para esta jornada en la ciudad.<\/p>\n","protected":false},"author":2,"featured_media":6190,"comment_status":"open","ping_status":"open","sticky":false,"template":"","format":"standard","meta":{"h5ap_radio_sources":[],"footnotes":""},"categories":[1],"tags":[],"class_list":["post-18635","post","type-post","status-publish","format-standard","has-post-thumbnail","hentry","category-uncategorized"],"_links":{"self":[{"href":"https:\/\/mitrerosario.com.ar\/inicio\/index.php\/wp-json\/wp\/v2\/posts\/18635","targetHints":{"allow":["GET"]}}],"collection":[{"href":"https:\/\/mitrerosario.com.ar\/inicio\/index.php\/wp-json\/wp\/v2\/posts"}],"about":[{"href":"https:\/\/mitrerosario.com.ar\/inicio\/index.php\/wp-json\/wp\/v2\/types\/post"}],"author":[{"embeddable":true,"href":"https:\/\/mitrerosario.com.ar\/inicio\/index.php\/wp-json\/wp\/v2\/users\/2"}],"replies":[{"embeddable":true,"href":"https:\/\/mitrerosario.com.ar\/inicio\/index.php\/wp-json\/wp\/v2\/comments?post=18635"}],"version-history":[{"count":1,"href":"https:\/\/mitrerosario.com.ar\/inicio\/index.php\/wp-json\/wp\/v2\/posts\/18635\/revisions"}],"predecessor-version":[{"id":18636,"href":"https:\/\/mitrerosario.com.ar\/inicio\/index.php\/wp-json\/wp\/v2\/posts\/18635\/revisions\/18636"}],"wp:featuredmedia":[{"embeddable":true,"href":"https:\/\/mitrerosario.com.ar\/inicio\/index.php\/wp-json\/wp\/v2\/media\/6190"}],"wp:attachment":[{"href":"https:\/\/mitrerosario.com.ar\/inicio\/index.php\/wp-json\/wp\/v2\/media?parent=18635"}],"wp:term":[{"taxonomy":"category","embeddable":true,"href":"https:\/\/mitrerosario.com.ar\/inicio\/index.php\/wp-json\/wp\/v2\/categories?post=18635"},{"taxonomy":"post_tag","embeddable":true,"href":"https:\/\/mitrerosario.com.ar\/inicio\/index.php\/wp-json\/wp\/v2\/tags?post=18635"}],"curies":[{"name":"wp","href":"https:\/\/api.w.org\/{rel}","templated":true}]}}