{"id":18717,"date":"2026-04-29T22:02:37","date_gmt":"2026-04-29T22:02:37","guid":{"rendered":"https:\/\/mitrerosario.com.ar\/inicio\/?p=18717"},"modified":"2026-04-29T22:02:37","modified_gmt":"2026-04-29T22:02:37","slug":"anularon-el-procesamiento-de-alberto-fernandez-en-la-causa-seguros","status":"publish","type":"post","link":"https:\/\/mitrerosario.com.ar\/inicio\/index.php\/2026\/04\/29\/anularon-el-procesamiento-de-alberto-fernandez-en-la-causa-seguros\/","title":{"rendered":"Anularon el procesamiento de Alberto Fern\u00e1ndez en la causa Seguros"},"content":{"rendered":"\n<p>La C\u00e1mara Federal de Casaci\u00f3n Penal anul\u00f3 por mayor\u00eda el procesamiento del ex presidente Alberto Fern\u00e1ndez en la causa Seguros, en la que estaba acusado por presuntas \u00abnegociaciones incompatibles con el ejercicio de la funci\u00f3n p\u00fablica\u00bb. El tribunal dispuso que se dicte una nueva resoluci\u00f3n en el expediente.<\/p>\n\n\n\n<p>La decisi\u00f3n fue tomada por la Sala IV, con los votos de los jueces Mariano Borinsky y Javier Carbajo, mientras que Gustavo Hornos vot\u00f3 se pronunci\u00f3 a favor de sostener el procesamiento.<\/p>\n\n\n\n<p>Los magistrados que impulsaron la anulaci\u00f3n coincidieron con el criterio del fiscal ante la C\u00e1mara, Jos\u00e9 Ag\u00fcero Iturbe, quien hab\u00eda planteado que no exist\u00edan suficientes elementos para avanzar con el procesamiento del exmandatario.<\/p>\n\n\n\n<p>En ese sentido, el fallo remarc\u00f3 que tanto la defensa de Fern\u00e1ndez como la fiscal\u00eda solicitaron revocar la medida y dictar la falta de m\u00e9rito. \u201cNo hay juez sin acusador\u201d, se\u00f1alaron los jueces al fundamentar la decisi\u00f3n.<\/p>\n","protected":false},"excerpt":{"rendered":"<p>La C\u00e1mara Federal de Casaci\u00f3n Penal anul\u00f3 por mayor\u00eda el procesamiento del ex presidente Alberto Fern\u00e1ndez en la causa Seguros, en la que estaba acusado por presuntas \u00abnegociaciones incompatibles con el ejercicio de la funci\u00f3n p\u00fablica\u00bb. El tribunal dispuso que se dicte una nueva resoluci\u00f3n en el expediente. La decisi\u00f3n fue tomada por la Sala [&hellip;]<\/p>\n","protected":false},"author":2,"featured_media":8107,"comment_status":"open","ping_status":"open","sticky":false,"template":"","format":"standard","meta":{"h5ap_radio_sources":[],"footnotes":""},"categories":[1],"tags":[],"class_list":["post-18717","post","type-post","status-publish","format-standard","has-post-thumbnail","hentry","category-uncategorized"],"_links":{"self":[{"href":"https:\/\/mitrerosario.com.ar\/inicio\/index.php\/wp-json\/wp\/v2\/posts\/18717","targetHints":{"allow":["GET"]}}],"collection":[{"href":"https:\/\/mitrerosario.com.ar\/inicio\/index.php\/wp-json\/wp\/v2\/posts"}],"about":[{"href":"https:\/\/mitrerosario.com.ar\/inicio\/index.php\/wp-json\/wp\/v2\/types\/post"}],"author":[{"embeddable":true,"href":"https:\/\/mitrerosario.com.ar\/inicio\/index.php\/wp-json\/wp\/v2\/users\/2"}],"replies":[{"embeddable":true,"href":"https:\/\/mitrerosario.com.ar\/inicio\/index.php\/wp-json\/wp\/v2\/comments?post=18717"}],"version-history":[{"count":1,"href":"https:\/\/mitrerosario.com.ar\/inicio\/index.php\/wp-json\/wp\/v2\/posts\/18717\/revisions"}],"predecessor-version":[{"id":18718,"href":"https:\/\/mitrerosario.com.ar\/inicio\/index.php\/wp-json\/wp\/v2\/posts\/18717\/revisions\/18718"}],"wp:featuredmedia":[{"embeddable":true,"href":"https:\/\/mitrerosario.com.ar\/inicio\/index.php\/wp-json\/wp\/v2\/media\/8107"}],"wp:attachment":[{"href":"https:\/\/mitrerosario.com.ar\/inicio\/index.php\/wp-json\/wp\/v2\/media?parent=18717"}],"wp:term":[{"taxonomy":"category","embeddable":true,"href":"https:\/\/mitrerosario.com.ar\/inicio\/index.php\/wp-json\/wp\/v2\/categories?post=18717"},{"taxonomy":"post_tag","embeddable":true,"href":"https:\/\/mitrerosario.com.ar\/inicio\/index.php\/wp-json\/wp\/v2\/tags?post=18717"}],"curies":[{"name":"wp","href":"https:\/\/api.w.org\/{rel}","templated":true}]}}