{"id":18720,"date":"2026-04-29T22:27:16","date_gmt":"2026-04-29T22:27:16","guid":{"rendered":"https:\/\/mitrerosario.com.ar\/inicio\/?p=18720"},"modified":"2026-04-29T22:27:16","modified_gmt":"2026-04-29T22:27:16","slug":"condenaran-a-un-menor-por-matar-a-su-hermano-bajo-el-nuevo-codigo-procesal-penal-juvenil-de-santa-fe","status":"publish","type":"post","link":"https:\/\/mitrerosario.com.ar\/inicio\/index.php\/2026\/04\/29\/condenaran-a-un-menor-por-matar-a-su-hermano-bajo-el-nuevo-codigo-procesal-penal-juvenil-de-santa-fe\/","title":{"rendered":"Condenar\u00e1n a un menor por matar a su hermano bajo el nuevo c\u00f3digo procesal penal juvenil de Santa Fe"},"content":{"rendered":"\n<p><strong>Un adolescente de 17 a\u00f1os se encamina a recibir la primera condena bajo el nuevo C\u00f3digo Procesal Penal Juvenil de Santa Fe.&nbsp;<\/strong><\/p>\n\n\n\n<p>Es que la jueza Fabiola Piemonte lo declar\u00f3 autor penalmente responsable de haber matado a su hermano mayor, Rub\u00e9n Ar\u00e9valo, de 21 a\u00f1os.<\/p>\n\n\n\n<p>El hecho hab\u00eda ocurrido el 8 de julio de 2025 en una vivienda familiar ubicada en calle Yapey\u00fa al 400 de Capit\u00e1n Berm\u00fadez. Durante una gresca familiar, el acusado \u2014de 16 a\u00f1os en ese entonces\u2014 apu\u00f1al\u00f3 a su hermano.&nbsp;<\/p>\n\n\n\n<p>La v\u00edctima hab\u00eda tenido que ser trasladada al Hospital Eva Per\u00f3n de Granadero Baigorria, donde permaneci\u00f3 un d\u00eda en terapia intensiva y luego falleci\u00f3. Una vez consumado el hecho, el sujeto fue aprehendido poco despu\u00e9s por el Comando Radioel\u00e9ctrico y permaneci\u00f3 alojado durante 45 d\u00edas en el Centro Especializado de Responsabilidad Penal Juvenil tras ser imputado por la fiscal Romina Cocomazzi.&nbsp;<\/p>\n\n\n\n<p>Se trata del primer juicio oral tramitado \u00edntegramente bajo el nuevo C\u00f3digo Procesal Penal Juvenil en la provincia, cuyo debate comenz\u00f3 el 21 de abril de 2026 en los tribunales de San Lorenzo y, finalmente, este lunes la jueza lo declar\u00f3 penalmente responsable. Previamente, el fiscal Maximiliano Nicosia acus\u00f3 al joven por homicidio simple en contexto de gresca familiar.&nbsp;<\/p>\n\n\n\n<p>No obstante, cabe destacar que el menor aun no ha sido condenado, ya que seg\u00fan el nuevo esquema, primero se determina la responsabilidad penal y luego, en otra audiencia, se designara la pena que le cabe en caso de que haya sido encontrado culpable.&nbsp;<\/p>\n","protected":false},"excerpt":{"rendered":"<p>Un adolescente de 17 a\u00f1os se encamina a recibir la primera condena bajo el nuevo C\u00f3digo Procesal Penal Juvenil de Santa Fe.&nbsp; Es que la jueza Fabiola Piemonte lo declar\u00f3 autor penalmente responsable de haber matado a su hermano mayor, Rub\u00e9n Ar\u00e9valo, de 21 a\u00f1os. El hecho hab\u00eda ocurrido el 8 de julio de 2025 [&hellip;]<\/p>\n","protected":false},"author":2,"featured_media":18721,"comment_status":"open","ping_status":"open","sticky":false,"template":"","format":"standard","meta":{"h5ap_radio_sources":[],"footnotes":""},"categories":[1],"tags":[],"class_list":["post-18720","post","type-post","status-publish","format-standard","has-post-thumbnail","hentry","category-uncategorized"],"_links":{"self":[{"href":"https:\/\/mitrerosario.com.ar\/inicio\/index.php\/wp-json\/wp\/v2\/posts\/18720","targetHints":{"allow":["GET"]}}],"collection":[{"href":"https:\/\/mitrerosario.com.ar\/inicio\/index.php\/wp-json\/wp\/v2\/posts"}],"about":[{"href":"https:\/\/mitrerosario.com.ar\/inicio\/index.php\/wp-json\/wp\/v2\/types\/post"}],"author":[{"embeddable":true,"href":"https:\/\/mitrerosario.com.ar\/inicio\/index.php\/wp-json\/wp\/v2\/users\/2"}],"replies":[{"embeddable":true,"href":"https:\/\/mitrerosario.com.ar\/inicio\/index.php\/wp-json\/wp\/v2\/comments?post=18720"}],"version-history":[{"count":1,"href":"https:\/\/mitrerosario.com.ar\/inicio\/index.php\/wp-json\/wp\/v2\/posts\/18720\/revisions"}],"predecessor-version":[{"id":18722,"href":"https:\/\/mitrerosario.com.ar\/inicio\/index.php\/wp-json\/wp\/v2\/posts\/18720\/revisions\/18722"}],"wp:featuredmedia":[{"embeddable":true,"href":"https:\/\/mitrerosario.com.ar\/inicio\/index.php\/wp-json\/wp\/v2\/media\/18721"}],"wp:attachment":[{"href":"https:\/\/mitrerosario.com.ar\/inicio\/index.php\/wp-json\/wp\/v2\/media?parent=18720"}],"wp:term":[{"taxonomy":"category","embeddable":true,"href":"https:\/\/mitrerosario.com.ar\/inicio\/index.php\/wp-json\/wp\/v2\/categories?post=18720"},{"taxonomy":"post_tag","embeddable":true,"href":"https:\/\/mitrerosario.com.ar\/inicio\/index.php\/wp-json\/wp\/v2\/tags?post=18720"}],"curies":[{"name":"wp","href":"https:\/\/api.w.org\/{rel}","templated":true}]}}