{"id":18725,"date":"2026-04-30T00:33:55","date_gmt":"2026-04-30T00:33:55","guid":{"rendered":"https:\/\/mitrerosario.com.ar\/inicio\/?p=18725"},"modified":"2026-04-30T00:33:55","modified_gmt":"2026-04-30T00:33:55","slug":"milei-apunto-contra-los-medios-y-defendio-su-gestion-en-la-expo-efi","status":"publish","type":"post","link":"https:\/\/mitrerosario.com.ar\/inicio\/index.php\/2026\/04\/30\/milei-apunto-contra-los-medios-y-defendio-su-gestion-en-la-expo-efi\/","title":{"rendered":"Milei apunt\u00f3 contra los medios y defendi\u00f3 su gesti\u00f3n en la Expo EFI"},"content":{"rendered":"\n<p><strong>El presidente Javier Milei cuestion\u00f3 a los medios de comunicaci\u00f3n durante su exposici\u00f3n en la Expo EFI<\/strong>, al asegurar que difunden \u00abbarbaridades\u00bb y reclamar que el debate p\u00fablico se base en informaci\u00f3n verificable. \u00abEntiendo que no me quieran, pero por lo menos primero los datos\u00bb, sostuvo.<\/p>\n\n\n\n<p>En ese marco, el mandatario aprovech\u00f3 su intervenci\u00f3n para defender el rumbo de su gesti\u00f3n y enumerar indicadores que, seg\u00fan su visi\u00f3n, muestran una mejora en la econom\u00eda desde su llegada al Gobierno. Tambi\u00e9n en parte de su discurso habl\u00f3 de conceptos te\u00f3ricos e hizo referencia a economistas como Joseph Alois Schumpeter y Adam Smith.<\/p>\n\n\n\n<p>Milei se defini\u00f3 al frente \u201cdel Gobierno m\u00e1s reformista de la historia\u201d y afirm\u00f3 que su administraci\u00f3n logr\u00f3 reducir el gasto p\u00fablico de manera significativa, al tiempo que defendi\u00f3 las pol\u00edticas de desregulaci\u00f3n. \u00abNos dec\u00edan que iba a salir mal, pero la econom\u00eda creci\u00f3 10% y sacamos a millones de personas de la pobreza\u00bb, asegur\u00f3.<\/p>\n\n\n\n<p>Adem\u00e1s, elogi\u00f3 al ministro de Econom\u00eda, Luis Caputo, a quien calific\u00f3 como \u00abbrillante\u00bb. Tambi\u00e9n, destac\u00f3 la creaci\u00f3n del Ministerio de Capital Humano como uno de los ejes de su gesti\u00f3n. \u201cNo queremos esclavos, queremos argentinos libres y por eso cambi\u00f3 la l\u00f3gica de la contenci\u00f3n social. Porque le damos herramientas para que salgan de la vulnerabilidad\u201d, manifest\u00f3.<\/p>\n\n\n\n<p><\/p>\n","protected":false},"excerpt":{"rendered":"<p>El presidente Javier Milei cuestion\u00f3 a los medios de comunicaci\u00f3n durante su exposici\u00f3n en la Expo EFI, al asegurar que difunden \u00abbarbaridades\u00bb y reclamar que el debate p\u00fablico se base en informaci\u00f3n verificable. \u00abEntiendo que no me quieran, pero por lo menos primero los datos\u00bb, sostuvo. En ese marco, el mandatario aprovech\u00f3 su intervenci\u00f3n para [&hellip;]<\/p>\n","protected":false},"author":2,"featured_media":18726,"comment_status":"open","ping_status":"open","sticky":false,"template":"","format":"standard","meta":{"h5ap_radio_sources":[],"footnotes":""},"categories":[1],"tags":[],"class_list":["post-18725","post","type-post","status-publish","format-standard","has-post-thumbnail","hentry","category-uncategorized"],"_links":{"self":[{"href":"https:\/\/mitrerosario.com.ar\/inicio\/index.php\/wp-json\/wp\/v2\/posts\/18725","targetHints":{"allow":["GET"]}}],"collection":[{"href":"https:\/\/mitrerosario.com.ar\/inicio\/index.php\/wp-json\/wp\/v2\/posts"}],"about":[{"href":"https:\/\/mitrerosario.com.ar\/inicio\/index.php\/wp-json\/wp\/v2\/types\/post"}],"author":[{"embeddable":true,"href":"https:\/\/mitrerosario.com.ar\/inicio\/index.php\/wp-json\/wp\/v2\/users\/2"}],"replies":[{"embeddable":true,"href":"https:\/\/mitrerosario.com.ar\/inicio\/index.php\/wp-json\/wp\/v2\/comments?post=18725"}],"version-history":[{"count":1,"href":"https:\/\/mitrerosario.com.ar\/inicio\/index.php\/wp-json\/wp\/v2\/posts\/18725\/revisions"}],"predecessor-version":[{"id":18730,"href":"https:\/\/mitrerosario.com.ar\/inicio\/index.php\/wp-json\/wp\/v2\/posts\/18725\/revisions\/18730"}],"wp:featuredmedia":[{"embeddable":true,"href":"https:\/\/mitrerosario.com.ar\/inicio\/index.php\/wp-json\/wp\/v2\/media\/18726"}],"wp:attachment":[{"href":"https:\/\/mitrerosario.com.ar\/inicio\/index.php\/wp-json\/wp\/v2\/media?parent=18725"}],"wp:term":[{"taxonomy":"category","embeddable":true,"href":"https:\/\/mitrerosario.com.ar\/inicio\/index.php\/wp-json\/wp\/v2\/categories?post=18725"},{"taxonomy":"post_tag","embeddable":true,"href":"https:\/\/mitrerosario.com.ar\/inicio\/index.php\/wp-json\/wp\/v2\/tags?post=18725"}],"curies":[{"name":"wp","href":"https:\/\/api.w.org\/{rel}","templated":true}]}}