{"id":18731,"date":"2026-04-30T00:43:51","date_gmt":"2026-04-30T00:43:51","guid":{"rendered":"https:\/\/mitrerosario.com.ar\/inicio\/?p=18731"},"modified":"2026-04-30T00:43:51","modified_gmt":"2026-04-30T00:43:51","slug":"condenaron-a-un-abogado-a-6-anos-de-carcel-por-actuar-de-nexo-entre-presos-de-alto-perfil-y-sus-organizaciones","status":"publish","type":"post","link":"https:\/\/mitrerosario.com.ar\/inicio\/index.php\/2026\/04\/30\/condenaron-a-un-abogado-a-6-anos-de-carcel-por-actuar-de-nexo-entre-presos-de-alto-perfil-y-sus-organizaciones\/","title":{"rendered":"Condenaron a un abogado a 6 a\u00f1os de c\u00e1rcel por actuar de nexo entre presos de alto perfil y sus organizaciones"},"content":{"rendered":"\n<p><strong>El abogado Iv\u00e1n Carlos M\u00e9ndez fue condenado a seis a\u00f1os de c\u00e1rcel por actuar como nexo entre presos de alto perfil vinculados al narcotr\u00e1fico y las organizaciones que pose\u00edan en las calles.&nbsp;<\/strong><\/p>\n\n\n\n<p>El juez Carlos Vera Barros homolog\u00f3 un acuerdo de procedimiento abreviado entre &nbsp;la Oficina de Narcocriminalidad del \u00c1rea de Investigaci\u00f3n y Litigio de Casos Complejos de la Unidad Fiscal Rosario, representada por el fiscal Mat\u00edas Men\u00e9, y por la Procuradur\u00eda de Narcocriminalidad (PROCUNAR), a trav\u00e9s de su titular, el fiscal Diego Iglesias, y del secretario Mat\u00edas Lucena Vernengo.<\/p>\n\n\n\n<p>De esa manera, el letrado de 53 a\u00f1os fue sentenciado a 6 a\u00f1os de prisi\u00f3n, 8 a\u00f1os de inhabilitaci\u00f3n para ejercer la abogac\u00eda, una multa y la declaraci\u00f3n de reincidencia.<\/p>\n\n\n\n<p>Seg\u00fan el sitio de Ficales.gob.ar, &nbsp;a M\u00e9ndez se lo conden\u00f3 por haber cometido en calidad de autor los delitos de asociaci\u00f3n il\u00edcita; encubrimiento agravado por \u00e1nimo de lucro y habitualidad; lavado de activos agravado por haber sido cometido como integrante de una banda; tenencia de estupefacientes con fines de comercializaci\u00f3n; confabulaci\u00f3n de dos o m\u00e1s personas para el tr\u00e1fico de drogas; y acopio de piezas y municiones de armas de fuego, todos ellos en concurso real entre s\u00ed.<\/p>\n\n\n\n<p>Al mismo tiempo, se orden\u00f3 que le decomisaran dinero en efectivo, equivalente a 240.700 pesos, dos veh\u00edculos, y la destrucci\u00f3n de celulares, adem\u00e1s de otros dispositivos electr\u00f3nicos. Tambi\u00e9n se destruir\u00e1n drogas y armas, como las piezas de una carabina Anderson AM-15 calibre .223 con numeraci\u00f3n suprimida, un cargador de pistola Glock calibre 9 mil\u00edmetros y tres cajas de municiones.<\/p>\n\n\n\n<p>Es que el abogado fue acusado de formar parte de una asociaci\u00f3n il\u00edcita mediante la cual, haciendo uso de su profesi\u00f3n como una pantalla de humo para visitar c\u00e1rceles, actuaba como una especie de mediador de reclusos para concretar la venta de propiedades y veh\u00edculos, el acoplo de armas de guerra y almacenar drogas con fines de comercializaci\u00f3n.<\/p>\n\n\n\n<p>En audiencias imputativas previas, la acusaci\u00f3n le hab\u00eda atribuido al letrado el haber tenido contacto con Andr\u00e9s Rodr\u00edguez Granthon, condenado por narcotr\u00e1fico a 21 a\u00f1os en pena unificada; y Mario Roberto Segovia, el infame \u00abRey de la Efedrina\u201d, que cursa una pena a 17 a\u00f1os y 6 meses de prisi\u00f3n por tr\u00e1fico internacional de efedrina y pseudoefedrina, y 13 a\u00f1os por tr\u00e1fico de armas.<\/p>\n\n\n\n<p>En ese marco, M\u00e9ndez form\u00f3 junto a ellos una asociaci\u00f3n il\u00edcita que comenz\u00f3 el 29 de enero y se extendi\u00f3 hasta el 17 de septiembre del 2025 para que los capos criminales pudieran seguir manteniendo el control sobre sus patrimonios y las actividades que realizaban.<\/p>\n\n\n\n<p>Particularmente, al sujeto le atribuyen el haber triangulado comunicaciones entre Rodr\u00edguez Granthon y su pareja, Lucila R.; el haber estado relacionado a la venta de una casa de Granthon a Uriel Cantero a cambio de 15 mil d\u00f3lares, entre otros.&nbsp;<\/p>\n","protected":false},"excerpt":{"rendered":"<p>El abogado Iv\u00e1n Carlos M\u00e9ndez fue condenado a seis a\u00f1os de c\u00e1rcel por actuar como nexo entre presos de alto perfil vinculados al narcotr\u00e1fico y las organizaciones que pose\u00edan en las calles.&nbsp; El juez Carlos Vera Barros homolog\u00f3 un acuerdo de procedimiento abreviado entre &nbsp;la Oficina de Narcocriminalidad del \u00c1rea de Investigaci\u00f3n y Litigio de [&hellip;]<\/p>\n","protected":false},"author":2,"featured_media":18732,"comment_status":"open","ping_status":"open","sticky":false,"template":"","format":"standard","meta":{"h5ap_radio_sources":[],"footnotes":""},"categories":[1],"tags":[],"class_list":["post-18731","post","type-post","status-publish","format-standard","has-post-thumbnail","hentry","category-uncategorized"],"_links":{"self":[{"href":"https:\/\/mitrerosario.com.ar\/inicio\/index.php\/wp-json\/wp\/v2\/posts\/18731","targetHints":{"allow":["GET"]}}],"collection":[{"href":"https:\/\/mitrerosario.com.ar\/inicio\/index.php\/wp-json\/wp\/v2\/posts"}],"about":[{"href":"https:\/\/mitrerosario.com.ar\/inicio\/index.php\/wp-json\/wp\/v2\/types\/post"}],"author":[{"embeddable":true,"href":"https:\/\/mitrerosario.com.ar\/inicio\/index.php\/wp-json\/wp\/v2\/users\/2"}],"replies":[{"embeddable":true,"href":"https:\/\/mitrerosario.com.ar\/inicio\/index.php\/wp-json\/wp\/v2\/comments?post=18731"}],"version-history":[{"count":1,"href":"https:\/\/mitrerosario.com.ar\/inicio\/index.php\/wp-json\/wp\/v2\/posts\/18731\/revisions"}],"predecessor-version":[{"id":18733,"href":"https:\/\/mitrerosario.com.ar\/inicio\/index.php\/wp-json\/wp\/v2\/posts\/18731\/revisions\/18733"}],"wp:featuredmedia":[{"embeddable":true,"href":"https:\/\/mitrerosario.com.ar\/inicio\/index.php\/wp-json\/wp\/v2\/media\/18732"}],"wp:attachment":[{"href":"https:\/\/mitrerosario.com.ar\/inicio\/index.php\/wp-json\/wp\/v2\/media?parent=18731"}],"wp:term":[{"taxonomy":"category","embeddable":true,"href":"https:\/\/mitrerosario.com.ar\/inicio\/index.php\/wp-json\/wp\/v2\/categories?post=18731"},{"taxonomy":"post_tag","embeddable":true,"href":"https:\/\/mitrerosario.com.ar\/inicio\/index.php\/wp-json\/wp\/v2\/tags?post=18731"}],"curies":[{"name":"wp","href":"https:\/\/api.w.org\/{rel}","templated":true}]}}