{"id":18764,"date":"2026-04-30T22:29:49","date_gmt":"2026-04-30T22:29:49","guid":{"rendered":"https:\/\/mitrerosario.com.ar\/inicio\/?p=18764"},"modified":"2026-04-30T22:34:24","modified_gmt":"2026-04-30T22:34:24","slug":"la-cgt-marcho-en-rosario-y-en-plaza-de-mayo-por-el-dia-del-trabajador","status":"publish","type":"post","link":"https:\/\/mitrerosario.com.ar\/inicio\/index.php\/2026\/04\/30\/la-cgt-marcho-en-rosario-y-en-plaza-de-mayo-por-el-dia-del-trabajador\/","title":{"rendered":"La CGT march\u00f3 en Rosario y en Plaza de Mayo por el D\u00eda del Trabajador"},"content":{"rendered":"\n<p><strong>La CGT se moviliz\u00f3 este jueves en la ciudad de Rosario, en el marco del D\u00eda del Trabajador. <\/strong>El acto se realiz\u00f3 en la Plaza San Mart\u00edn y reuni\u00f3 a distintos sectores del movimiento obrero con una consigna de unidad ante la compleja situaci\u00f3n econ\u00f3mica actual. En Buenos Aires, la marcha lleg\u00f3 a Plaza de Mayo.<\/p>\n\n\n\n<p>A nivel local, la concentraci\u00f3n tuvo como principal orador al secretario general de la central, Miguel Vivas, quien encabez\u00f3 un discurso cuestionando las pol\u00edticas del Gobierno Nacional.<\/p>\n\n\n\n<p>Durante su intervenci\u00f3n, Vivas hizo hincapi\u00e9 en la necesidad de fortalecer la cohesi\u00f3n sindical y advirti\u00f3 sobre el impacto de las reformas impulsadas por la gesti\u00f3n de Javier Milei. \u00abYo creo que hoy tenemos que estar m\u00e1s unidos, fortalecer el movimiento obrero, est\u00e9n o no est\u00e9n en la CGT, ac\u00e1 lo que nos importa hoy es la unidad, ir en contra de esta reforma laboral y esta pol\u00edtica de gobierno que nos est\u00e1 destruyendo a todos\u00bb, manifest\u00f3.<\/p>\n\n\n\n<p>En el cierre, Vivas puso el foco en el deterioro del empleo y la actividad productiva. \u201cTambi\u00e9n estamos en defensa de nuestra fuente de trabajo. Hoy, si miramos los \u00edndices, hay m\u00e1s de 300 mil puestos de trabajo que han desaparecido y siguen desapareciendo\u201d, afirm\u00f3, y sostuvo que la actual gesti\u00f3n \u201cprincipalmente a la industria nacional la est\u00e1 destruyendo\u201d.<\/p>\n\n\n\n<h3 class=\"wp-block-heading\"><strong>La movilizaci\u00f3n en Buenos Aires<\/strong><\/h3>\n\n\n\n<p>A nivel nacional, la CGT realiz\u00f3 una masiva movilizaci\u00f3n en la Plaza de Mayo, en la ciudad de Buenos Aires, donde confluyeron organizaciones sindicales, sociales y pol\u00edticas. Desde el escenario, los refrentes de la central obrera apuntaron contra el rumbo econ\u00f3mico del Gobierno y llamaron a ponerle \u00abun l\u00edmite a este modelo\u00bb.<\/p>\n\n\n\n<p>Los discursos estuvieron a cargo de los secretarios generales Octavio Arg\u00fcello, Cristian Jer\u00f3nimo y Jorge Sola, quienes coincidieron en cuestionar el ajuste y la p\u00e9rdida de derechos. En este sentido, Arg\u00fcello lanz\u00f3: \u201cLe decimos a este gobierno que no se soporta m\u00e1s que siga ajustando al pueblo, quitando derechos. Basta a este gobierno corrupto y explotador\u201d, mientras que el resto de los oradores insisti\u00f3 en la necesidad de sostener la unidad sindical frente al actual contexto.<\/p>\n","protected":false},"excerpt":{"rendered":"<p>La CGT se moviliz\u00f3 este jueves en la ciudad de Rosario, en el marco del D\u00eda del Trabajador. El acto se realiz\u00f3 en la Plaza San Mart\u00edn y reuni\u00f3 a distintos sectores del movimiento obrero con una consigna de unidad ante la compleja situaci\u00f3n econ\u00f3mica actual. En Buenos Aires, la marcha lleg\u00f3 a Plaza de [&hellip;]<\/p>\n","protected":false},"author":2,"featured_media":18765,"comment_status":"open","ping_status":"open","sticky":false,"template":"","format":"standard","meta":{"h5ap_radio_sources":[],"footnotes":""},"categories":[1],"tags":[],"class_list":["post-18764","post","type-post","status-publish","format-standard","has-post-thumbnail","hentry","category-uncategorized"],"_links":{"self":[{"href":"https:\/\/mitrerosario.com.ar\/inicio\/index.php\/wp-json\/wp\/v2\/posts\/18764","targetHints":{"allow":["GET"]}}],"collection":[{"href":"https:\/\/mitrerosario.com.ar\/inicio\/index.php\/wp-json\/wp\/v2\/posts"}],"about":[{"href":"https:\/\/mitrerosario.com.ar\/inicio\/index.php\/wp-json\/wp\/v2\/types\/post"}],"author":[{"embeddable":true,"href":"https:\/\/mitrerosario.com.ar\/inicio\/index.php\/wp-json\/wp\/v2\/users\/2"}],"replies":[{"embeddable":true,"href":"https:\/\/mitrerosario.com.ar\/inicio\/index.php\/wp-json\/wp\/v2\/comments?post=18764"}],"version-history":[{"count":1,"href":"https:\/\/mitrerosario.com.ar\/inicio\/index.php\/wp-json\/wp\/v2\/posts\/18764\/revisions"}],"predecessor-version":[{"id":18766,"href":"https:\/\/mitrerosario.com.ar\/inicio\/index.php\/wp-json\/wp\/v2\/posts\/18764\/revisions\/18766"}],"wp:featuredmedia":[{"embeddable":true,"href":"https:\/\/mitrerosario.com.ar\/inicio\/index.php\/wp-json\/wp\/v2\/media\/18765"}],"wp:attachment":[{"href":"https:\/\/mitrerosario.com.ar\/inicio\/index.php\/wp-json\/wp\/v2\/media?parent=18764"}],"wp:term":[{"taxonomy":"category","embeddable":true,"href":"https:\/\/mitrerosario.com.ar\/inicio\/index.php\/wp-json\/wp\/v2\/categories?post=18764"},{"taxonomy":"post_tag","embeddable":true,"href":"https:\/\/mitrerosario.com.ar\/inicio\/index.php\/wp-json\/wp\/v2\/tags?post=18764"}],"curies":[{"name":"wp","href":"https:\/\/api.w.org\/{rel}","templated":true}]}}