{"id":18774,"date":"2026-05-01T00:11:30","date_gmt":"2026-05-01T00:11:30","guid":{"rendered":"https:\/\/mitrerosario.com.ar\/inicio\/?p=18774"},"modified":"2026-05-01T00:11:30","modified_gmt":"2026-05-01T00:11:30","slug":"por-una-obra-de-la-epe-habra-un-corte-de-transito-por-45-dias-en-calle-buenos-aires","status":"publish","type":"post","link":"https:\/\/mitrerosario.com.ar\/inicio\/index.php\/2026\/05\/01\/por-una-obra-de-la-epe-habra-un-corte-de-transito-por-45-dias-en-calle-buenos-aires\/","title":{"rendered":"Por una obra de la EPE habr\u00e1 un corte de tr\u00e1nsito por 45 d\u00edas en calle Buenos Aires"},"content":{"rendered":"\n<p><strong>La Empresa Provincial de la Energ\u00eda (EPE) inform\u00f3 que la calle Buenos Aires, entre Mendoza y San Juan estar\u00e1 cortada durante 45 d\u00edas por obras.&nbsp;<\/strong><\/p>\n\n\n\n<p>El corte de tr\u00e1nsito se realizar\u00e1 en ese sector del centro rosarino porque firma instalar\u00e1 una nueva Estaci\u00f3n Transformadora, por la suba en la demanda de energ\u00eda en el \u00e1rea.<\/p>\n\n\n\n<p>En ese marco, los vecinos que vivan en la zona podr\u00e1n ingresar al lugar con sus veh\u00edculos particulares. El acceso estar\u00e1 en San Juan, por lo que los ingresantes deber\u00e1n circular en contramano de forma excepcional. En tanto, los conductores que vayan al centro deber\u00e1n conducir con precauci\u00f3n.<\/p>\n\n\n\n<p>Tambi\u00e9n se modificar\u00e1 el recorrido de m\u00faltiples l\u00edneas de colectivos a causa de los trabajos en el tramo mencionado. De esa manera, se aclar\u00f3 que <strong>la l\u00ednea K no sufrir\u00e1 cambios en su itinerario.&nbsp;<\/strong><\/p>\n\n\n\n<h3 class=\"wp-block-heading\"><strong>Colectivos afectados por las tareas<\/strong><\/h3>\n\n\n\n<p><strong>&#8211; Las l\u00edneas 102R y 145 133<\/strong>: de su recorrido por calle 3 de Febrero, 1\u00ba de Mayo, San Juan, Buenos Aires a su recorrido.<\/p>\n\n\n\n<p><strong>&#8211; Las l\u00ednea 143 136 137 R\/N<\/strong>: de su recorrido por Buenos Aires, 3 de Febrero, Maip\u00fa, San Juan a su recorrido.<\/p>\n\n\n\n<p><strong>&#8211; Las L\u00ednea 121<\/strong>: de su recorrido por Mendoza, 1\u00ba de Mayo, San Juan, Buenos Aires a su recorrido.<\/p>\n\n\n\n<h2 class=\"wp-block-heading\">Paradas habilitadas y anuladas<\/h2>\n\n\n\n<p>Las paradas habilitadas estar\u00e1n en 1\u00ba de Mayo y Mendoza (l\u00edneas 145 133 \u2013 102R); en San Juan y Juan Manuel de Rosas (l\u00edneas 145 133 \u2013 102R), adem\u00e1s de en Mendoza y Buenos Aires (l\u00ednea 121).<\/p>\n\n\n\n<p>Las anuladas estar\u00e1n en Buenos Aires y Mendoza (l\u00edneas 143 136 137 &#8211; 145 133 \u2013 102R); en 3 de Febrero y Juan Manuel de Rosas (l\u00edneas 145 133 \u2013 102R); en San Juan y Laprida (l\u00edneas 143 136 137 R\/N), y en Buenos Aires y San Juan (l\u00ednea 121).<\/p>\n\n\n\n<figure class=\"wp-block-image\"><img decoding=\"async\" src=\"https:\/\/rosarionuestrocdn.eleco.com.ar\/media\/2026\/04\/sgfsgsd.png\" alt=\"sgfsgsd\"\/><\/figure>\n","protected":false},"excerpt":{"rendered":"<p>La Empresa Provincial de la Energ\u00eda (EPE) inform\u00f3 que la calle Buenos Aires, entre Mendoza y San Juan estar\u00e1 cortada durante 45 d\u00edas por obras.&nbsp; El corte de tr\u00e1nsito se realizar\u00e1 en ese sector del centro rosarino porque firma instalar\u00e1 una nueva Estaci\u00f3n Transformadora, por la suba en la demanda de energ\u00eda en el \u00e1rea. [&hellip;]<\/p>\n","protected":false},"author":2,"featured_media":8542,"comment_status":"open","ping_status":"open","sticky":false,"template":"","format":"standard","meta":{"h5ap_radio_sources":[],"footnotes":""},"categories":[1],"tags":[],"class_list":["post-18774","post","type-post","status-publish","format-standard","has-post-thumbnail","hentry","category-uncategorized"],"_links":{"self":[{"href":"https:\/\/mitrerosario.com.ar\/inicio\/index.php\/wp-json\/wp\/v2\/posts\/18774","targetHints":{"allow":["GET"]}}],"collection":[{"href":"https:\/\/mitrerosario.com.ar\/inicio\/index.php\/wp-json\/wp\/v2\/posts"}],"about":[{"href":"https:\/\/mitrerosario.com.ar\/inicio\/index.php\/wp-json\/wp\/v2\/types\/post"}],"author":[{"embeddable":true,"href":"https:\/\/mitrerosario.com.ar\/inicio\/index.php\/wp-json\/wp\/v2\/users\/2"}],"replies":[{"embeddable":true,"href":"https:\/\/mitrerosario.com.ar\/inicio\/index.php\/wp-json\/wp\/v2\/comments?post=18774"}],"version-history":[{"count":1,"href":"https:\/\/mitrerosario.com.ar\/inicio\/index.php\/wp-json\/wp\/v2\/posts\/18774\/revisions"}],"predecessor-version":[{"id":18775,"href":"https:\/\/mitrerosario.com.ar\/inicio\/index.php\/wp-json\/wp\/v2\/posts\/18774\/revisions\/18775"}],"wp:featuredmedia":[{"embeddable":true,"href":"https:\/\/mitrerosario.com.ar\/inicio\/index.php\/wp-json\/wp\/v2\/media\/8542"}],"wp:attachment":[{"href":"https:\/\/mitrerosario.com.ar\/inicio\/index.php\/wp-json\/wp\/v2\/media?parent=18774"}],"wp:term":[{"taxonomy":"category","embeddable":true,"href":"https:\/\/mitrerosario.com.ar\/inicio\/index.php\/wp-json\/wp\/v2\/categories?post=18774"},{"taxonomy":"post_tag","embeddable":true,"href":"https:\/\/mitrerosario.com.ar\/inicio\/index.php\/wp-json\/wp\/v2\/tags?post=18774"}],"curies":[{"name":"wp","href":"https:\/\/api.w.org\/{rel}","templated":true}]}}