{"id":18776,"date":"2026-05-01T00:31:55","date_gmt":"2026-05-01T00:31:55","guid":{"rendered":"https:\/\/mitrerosario.com.ar\/inicio\/?p=18776"},"modified":"2026-05-01T00:31:55","modified_gmt":"2026-05-01T00:31:55","slug":"reabren-la-sala-de-prensa-de-casa-rosada-tras-una-semana-de-cierre-y-adorni-brindara-una-conferencia-de-prensa","status":"publish","type":"post","link":"https:\/\/mitrerosario.com.ar\/inicio\/index.php\/2026\/05\/01\/reabren-la-sala-de-prensa-de-casa-rosada-tras-una-semana-de-cierre-y-adorni-brindara-una-conferencia-de-prensa\/","title":{"rendered":"Reabren la sala de prensa de Casa Rosada tras una semana de cierre y Adorni brindar\u00e1 una conferencia de prensa"},"content":{"rendered":"\n<p>Los periodistas acreditados en la Casa Rosada podr\u00e1n volver a ingresar a la sala de prensa desde este lunes, luego de que el espacio permaneciera cerrado durante toda la \u00faltima semana. Seg\u00fan trascendi\u00f3, se habilitar\u00e1n sectores espec\u00edficos para la circulaci\u00f3n, aunque otros continuar\u00e1n con acceso restringido.<\/p>\n\n\n\n<p>Al mismo tiempo, el Ejecutivo confirm\u00f3 que ese mismo d\u00eda a las 11 brindar\u00e1 una conferencia el jefe de Gabinete, Manuel Adorni. Hasta el momento, no se precis\u00f3 si la prensa podr\u00e1 realizar preguntas ni cu\u00e1l ser\u00e1 el mecanismo para la participaci\u00f3n de los periodistas.<\/p>\n\n\n\n<p>La decisi\u00f3n de cerrar la sala hab\u00eda sido justificada por el Gobierno en el marco de una denuncia por presunto espionaje ilegal. El vocero Javier Lanari explic\u00f3 que se trat\u00f3 de una medida preventiva vinculada a cuestiones de seguridad nacional, incluyendo la revisi\u00f3n de accesos como el registro de huellas dactilares.<\/p>\n\n\n\n<p>Seg\u00fan se inform\u00f3, el cierre se habr\u00eda originado tras una filmaci\u00f3n no autorizada atribuida a un programa del canal TN, denunciada por la Casa Militar. La reapertura marca el fin de una medida sin antecedentes recientes desde el retorno de la democracia en 1983.<\/p>\n","protected":false},"excerpt":{"rendered":"<p>Los periodistas acreditados en la Casa Rosada podr\u00e1n volver a ingresar a la sala de prensa desde este lunes, luego de que el espacio permaneciera cerrado durante toda la \u00faltima semana. Seg\u00fan trascendi\u00f3, se habilitar\u00e1n sectores espec\u00edficos para la circulaci\u00f3n, aunque otros continuar\u00e1n con acceso restringido. Al mismo tiempo, el Ejecutivo confirm\u00f3 que ese mismo [&hellip;]<\/p>\n","protected":false},"author":2,"featured_media":18777,"comment_status":"open","ping_status":"open","sticky":false,"template":"","format":"standard","meta":{"h5ap_radio_sources":[],"footnotes":""},"categories":[1],"tags":[],"class_list":["post-18776","post","type-post","status-publish","format-standard","has-post-thumbnail","hentry","category-uncategorized"],"_links":{"self":[{"href":"https:\/\/mitrerosario.com.ar\/inicio\/index.php\/wp-json\/wp\/v2\/posts\/18776","targetHints":{"allow":["GET"]}}],"collection":[{"href":"https:\/\/mitrerosario.com.ar\/inicio\/index.php\/wp-json\/wp\/v2\/posts"}],"about":[{"href":"https:\/\/mitrerosario.com.ar\/inicio\/index.php\/wp-json\/wp\/v2\/types\/post"}],"author":[{"embeddable":true,"href":"https:\/\/mitrerosario.com.ar\/inicio\/index.php\/wp-json\/wp\/v2\/users\/2"}],"replies":[{"embeddable":true,"href":"https:\/\/mitrerosario.com.ar\/inicio\/index.php\/wp-json\/wp\/v2\/comments?post=18776"}],"version-history":[{"count":1,"href":"https:\/\/mitrerosario.com.ar\/inicio\/index.php\/wp-json\/wp\/v2\/posts\/18776\/revisions"}],"predecessor-version":[{"id":18778,"href":"https:\/\/mitrerosario.com.ar\/inicio\/index.php\/wp-json\/wp\/v2\/posts\/18776\/revisions\/18778"}],"wp:featuredmedia":[{"embeddable":true,"href":"https:\/\/mitrerosario.com.ar\/inicio\/index.php\/wp-json\/wp\/v2\/media\/18777"}],"wp:attachment":[{"href":"https:\/\/mitrerosario.com.ar\/inicio\/index.php\/wp-json\/wp\/v2\/media?parent=18776"}],"wp:term":[{"taxonomy":"category","embeddable":true,"href":"https:\/\/mitrerosario.com.ar\/inicio\/index.php\/wp-json\/wp\/v2\/categories?post=18776"},{"taxonomy":"post_tag","embeddable":true,"href":"https:\/\/mitrerosario.com.ar\/inicio\/index.php\/wp-json\/wp\/v2\/tags?post=18776"}],"curies":[{"name":"wp","href":"https:\/\/api.w.org\/{rel}","templated":true}]}}