{"id":18797,"date":"2026-05-01T14:45:37","date_gmt":"2026-05-01T14:45:37","guid":{"rendered":"https:\/\/mitrerosario.com.ar\/inicio\/?p=18797"},"modified":"2026-05-01T14:45:37","modified_gmt":"2026-05-01T14:45:37","slug":"entra-en-vigencia-el-acuerdo-mercosur-union-europea","status":"publish","type":"post","link":"https:\/\/mitrerosario.com.ar\/inicio\/index.php\/2026\/05\/01\/entra-en-vigencia-el-acuerdo-mercosur-union-europea\/","title":{"rendered":"Entra en vigencia el acuerdo Mercosur-Uni\u00f3n Europea"},"content":{"rendered":"\n<p>Desde este viernes 1\u00ba de mayo comenz\u00f3 a regir el Tratado de Libre Comercio entre el Mercosur y la Uni\u00f3n Europea. En esta primera etapa, el acuerdo entrar\u00e1 en vigencia de manera provisoria en su componente comercial, mientras que los aspectos institucionales y de cooperaci\u00f3n se activar\u00e1n en una instancia posterior.<\/p>\n\n\n\n<p>El avance del convenio todav\u00eda genera debates en Europa, especialmente por las objeciones de pa\u00edses como Espa\u00f1a y Francia en relaci\u00f3n al impacto sobre el sector agr\u00edcola. A\u00fan resta la aprobaci\u00f3n parlamentaria en varios de esos pa\u00edses, mientras que el bloque sudamericano ya cumpli\u00f3 con ese requisito.<\/p>\n\n\n\n<p>Uno de los puntos centrales del acuerdo es la reducci\u00f3n progresiva de aranceles para m\u00e1s del 90% del comercio bilateral. Este proceso no ser\u00e1 uniforme: algunos sectores tendr\u00e1n plazos de desgravaci\u00f3n que pueden extenderse hasta 15 a\u00f1os, como ocurre con la industria automotriz. Adem\u00e1s, se establecieron cuotas para productos sensibles como carnes, granos y l\u00e1cteos.<\/p>\n\n\n\n<p>Entre los beneficios m\u00e1s destacados, se incluye la eliminaci\u00f3n de aranceles para el 80% de las exportaciones industriales y condiciones preferenciales para productos como aceites vegetales y pesca.<\/p>\n\n\n\n<p>En el caso de la carne vacuna, se fij\u00f3 una cuota de 99.000 toneladas con arancel reducido, mientras que la Cuota Hilton pasar\u00e1 a tener arancel cero. Tambi\u00e9n se definieron cupos para carne aviar, arroz y miel, que comenzar\u00e1n a aplicarse de manera gradual en los pr\u00f3ximos a\u00f1os.<\/p>\n","protected":false},"excerpt":{"rendered":"<p>Desde este viernes 1\u00ba de mayo comenz\u00f3 a regir el Tratado de Libre Comercio entre el Mercosur y la Uni\u00f3n Europea. En esta primera etapa, el acuerdo entrar\u00e1 en vigencia de manera provisoria en su componente comercial, mientras que los aspectos institucionales y de cooperaci\u00f3n se activar\u00e1n en una instancia posterior. El avance del convenio [&hellip;]<\/p>\n","protected":false},"author":2,"featured_media":15046,"comment_status":"open","ping_status":"open","sticky":false,"template":"","format":"standard","meta":{"h5ap_radio_sources":[],"footnotes":""},"categories":[1],"tags":[],"class_list":["post-18797","post","type-post","status-publish","format-standard","has-post-thumbnail","hentry","category-uncategorized"],"_links":{"self":[{"href":"https:\/\/mitrerosario.com.ar\/inicio\/index.php\/wp-json\/wp\/v2\/posts\/18797","targetHints":{"allow":["GET"]}}],"collection":[{"href":"https:\/\/mitrerosario.com.ar\/inicio\/index.php\/wp-json\/wp\/v2\/posts"}],"about":[{"href":"https:\/\/mitrerosario.com.ar\/inicio\/index.php\/wp-json\/wp\/v2\/types\/post"}],"author":[{"embeddable":true,"href":"https:\/\/mitrerosario.com.ar\/inicio\/index.php\/wp-json\/wp\/v2\/users\/2"}],"replies":[{"embeddable":true,"href":"https:\/\/mitrerosario.com.ar\/inicio\/index.php\/wp-json\/wp\/v2\/comments?post=18797"}],"version-history":[{"count":1,"href":"https:\/\/mitrerosario.com.ar\/inicio\/index.php\/wp-json\/wp\/v2\/posts\/18797\/revisions"}],"predecessor-version":[{"id":18798,"href":"https:\/\/mitrerosario.com.ar\/inicio\/index.php\/wp-json\/wp\/v2\/posts\/18797\/revisions\/18798"}],"wp:featuredmedia":[{"embeddable":true,"href":"https:\/\/mitrerosario.com.ar\/inicio\/index.php\/wp-json\/wp\/v2\/media\/15046"}],"wp:attachment":[{"href":"https:\/\/mitrerosario.com.ar\/inicio\/index.php\/wp-json\/wp\/v2\/media?parent=18797"}],"wp:term":[{"taxonomy":"category","embeddable":true,"href":"https:\/\/mitrerosario.com.ar\/inicio\/index.php\/wp-json\/wp\/v2\/categories?post=18797"},{"taxonomy":"post_tag","embeddable":true,"href":"https:\/\/mitrerosario.com.ar\/inicio\/index.php\/wp-json\/wp\/v2\/tags?post=18797"}],"curies":[{"name":"wp","href":"https:\/\/api.w.org\/{rel}","templated":true}]}}