{"id":18799,"date":"2026-05-01T20:47:57","date_gmt":"2026-05-01T20:47:57","guid":{"rendered":"https:\/\/mitrerosario.com.ar\/inicio\/?p=18799"},"modified":"2026-05-01T20:47:57","modified_gmt":"2026-05-01T20:47:57","slug":"dos-jovenes-fueron-imputados-por-realizar-una-entradera-contra-una-jubilada-en-la-zona-sur","status":"publish","type":"post","link":"https:\/\/mitrerosario.com.ar\/inicio\/index.php\/2026\/05\/01\/dos-jovenes-fueron-imputados-por-realizar-una-entradera-contra-una-jubilada-en-la-zona-sur\/","title":{"rendered":"Dos j\u00f3venes fueron imputados por realizar una entradera contra una jubilada en la zona sur"},"content":{"rendered":"\n<p><strong>Dos sujetos fueron imputados este viernes por haber protagonizado una entradera contra una jubilada el martes en la zona sur de Rosario.<\/strong><\/p>\n\n\n\n<p>Se trata de Ignacio Daniel S., y Santiago F., quienes fueron acusados por el fiscal Alejandro Caron de haber cometido los delitos de robo calificado por el uso de arma de fuego, agravado por haber sido cometido en poblado y en banda, por escalamiento, uso de fuerza y por la participaci\u00f3n de un menor de edad.<\/p>\n\n\n\n<p>En base a lo relatado por el acusador, el il\u00edcito tuvo lugar en una vivienda de Pasaje Urraco al 100 bis, cuando tres ladrones, entre los que hab\u00eda un adolescente, escalaron un muro, arrancaron la reja de una ventana de la cocina con herramientas e ingresaron en el lugar de forma violenta.&nbsp;<\/p>\n\n\n\n<p>All\u00ed, los malivivientes abordaron a la v\u00edctima y le exigieron que les de dinero tras apuntarle con una pistola calibre 9 mil\u00edmetros. Poco despu\u00e9s de amenazarse comenzaron a saquear el lugar y se llevaron celulares, joyas, tarjetas, llaves y otros objetos.<\/p>\n\n\n\n<p>Una vez se alzaron con el bot\u00edn, el grupo, que seg\u00fan la investigaci\u00f3n estuvieron en contacto con un cuarto involucrado por tel\u00e9fono se dieron a la fuga por los techos de las casas hasta avenida Grandoli y Ayolas, donde fueron detenidos cerca de una escuela.&nbsp;<\/p>\n\n\n\n<p>Ese d\u00eda, adem\u00e1s de las detenciones, los agentes les secuestraron una pistola semiautom\u00e1tica 9 mil\u00edmetros con tres cartuchos intactos que los sospechosos tiraron en una enredadera del edificio educativo. Tambi\u00e9n recuperaron gran parte de los elementos que le sustrajeron a la jubilada.&nbsp;<\/p>\n\n\n\n<p>En ese marco, la jueza Luciana Vallarella le dict\u00f3 cuatro meses de prisi\u00f3n preventiva a los acusados. En tanto, el menor que hab\u00eda sido aprehendido qued\u00f3 a disposici\u00f3n de la Justicia de menores.&nbsp;<\/p>\n","protected":false},"excerpt":{"rendered":"<p>Dos sujetos fueron imputados este viernes por haber protagonizado una entradera contra una jubilada el martes en la zona sur de Rosario. Se trata de Ignacio Daniel S., y Santiago F., quienes fueron acusados por el fiscal Alejandro Caron de haber cometido los delitos de robo calificado por el uso de arma de fuego, agravado [&hellip;]<\/p>\n","protected":false},"author":2,"featured_media":14775,"comment_status":"open","ping_status":"open","sticky":false,"template":"","format":"standard","meta":{"h5ap_radio_sources":[],"footnotes":""},"categories":[1],"tags":[],"class_list":["post-18799","post","type-post","status-publish","format-standard","has-post-thumbnail","hentry","category-uncategorized"],"_links":{"self":[{"href":"https:\/\/mitrerosario.com.ar\/inicio\/index.php\/wp-json\/wp\/v2\/posts\/18799","targetHints":{"allow":["GET"]}}],"collection":[{"href":"https:\/\/mitrerosario.com.ar\/inicio\/index.php\/wp-json\/wp\/v2\/posts"}],"about":[{"href":"https:\/\/mitrerosario.com.ar\/inicio\/index.php\/wp-json\/wp\/v2\/types\/post"}],"author":[{"embeddable":true,"href":"https:\/\/mitrerosario.com.ar\/inicio\/index.php\/wp-json\/wp\/v2\/users\/2"}],"replies":[{"embeddable":true,"href":"https:\/\/mitrerosario.com.ar\/inicio\/index.php\/wp-json\/wp\/v2\/comments?post=18799"}],"version-history":[{"count":1,"href":"https:\/\/mitrerosario.com.ar\/inicio\/index.php\/wp-json\/wp\/v2\/posts\/18799\/revisions"}],"predecessor-version":[{"id":18800,"href":"https:\/\/mitrerosario.com.ar\/inicio\/index.php\/wp-json\/wp\/v2\/posts\/18799\/revisions\/18800"}],"wp:featuredmedia":[{"embeddable":true,"href":"https:\/\/mitrerosario.com.ar\/inicio\/index.php\/wp-json\/wp\/v2\/media\/14775"}],"wp:attachment":[{"href":"https:\/\/mitrerosario.com.ar\/inicio\/index.php\/wp-json\/wp\/v2\/media?parent=18799"}],"wp:term":[{"taxonomy":"category","embeddable":true,"href":"https:\/\/mitrerosario.com.ar\/inicio\/index.php\/wp-json\/wp\/v2\/categories?post=18799"},{"taxonomy":"post_tag","embeddable":true,"href":"https:\/\/mitrerosario.com.ar\/inicio\/index.php\/wp-json\/wp\/v2\/tags?post=18799"}],"curies":[{"name":"wp","href":"https:\/\/api.w.org\/{rel}","templated":true}]}}