{"id":18803,"date":"2026-05-01T22:00:01","date_gmt":"2026-05-01T22:00:01","guid":{"rendered":"https:\/\/mitrerosario.com.ar\/inicio\/?p=18803"},"modified":"2026-05-01T22:00:01","modified_gmt":"2026-05-01T22:00:01","slug":"detuvieron-a-seis-personas-en-la-zona-sur-tras-una-serie-de-allanamientos-en-la-que-secuestraron-armas-y-drogas","status":"publish","type":"post","link":"https:\/\/mitrerosario.com.ar\/inicio\/index.php\/2026\/05\/01\/detuvieron-a-seis-personas-en-la-zona-sur-tras-una-serie-de-allanamientos-en-la-que-secuestraron-armas-y-drogas\/","title":{"rendered":"Detuvieron a seis personas en la zona sur tras una serie de allanamientos en la que secuestraron armas y drogas"},"content":{"rendered":"\n<p>La Polic\u00eda de Investigaciones (PDI) y grupo t\u00e1cticos de la Polic\u00eda de Santa Fe, <strong>detuvieron a ocho sujetos en una serie de allanamientos en la zona sur de Rosario, donde secuestraron drogas y armas.<\/strong><\/p>\n\n\n\n<p>Los procedimientos se realizaron en inmuebles ubicados en Vicente Medina al 4800, 4900 y en el cruce con Lamadrid, donde los agentes aprehendieron a seis adultos identificados como Mar\u00eda M., de 32 a\u00f1os, Alexis V., de 32, Sergio V., de 45, Cristian V., de 33, Rodolfo G., de 30, y Claudio C., de 41 a\u00f1os.&nbsp;<\/p>\n\n\n\n<p>Tambi\u00e9n resultaron detenidos dos menores de edad de 14 y 15 a\u00f1os que fueron derivados a la comisar\u00eda 16, donde quedaron a disposici\u00f3n de la justicia de menores.&nbsp;<\/p>\n\n\n\n<p>Adem\u00e1s de las aprehensiones, secuestraron 138 dosis de coca\u00edna, un trozo de la misma droga, marihuana, dos rev\u00f3lveres, municiones de distintos calibres, ocho celulares, una balanza de precisi\u00f3n, una motocicleta y un auto con pedido de captura.&nbsp;<\/p>\n\n\n\n<p>Los allanamientos fueron solicitados por la fiscal Alejandra Raigal, de la Unidad Especializada en Microtr\u00e1fico del Ministerio P\u00fablico de la Acusaci\u00f3n (MPA), para avanzar con la investigaci\u00f3n por m\u00faltiples denuncias realizadas al 911 en la que denunciaban que en el barrio La Cari\u00f1osa se vend\u00eda droga.&nbsp;<\/p>\n","protected":false},"excerpt":{"rendered":"<p>La Polic\u00eda de Investigaciones (PDI) y grupo t\u00e1cticos de la Polic\u00eda de Santa Fe, detuvieron a ocho sujetos en una serie de allanamientos en la zona sur de Rosario, donde secuestraron drogas y armas. Los procedimientos se realizaron en inmuebles ubicados en Vicente Medina al 4800, 4900 y en el cruce con Lamadrid, donde los [&hellip;]<\/p>\n","protected":false},"author":2,"featured_media":15729,"comment_status":"open","ping_status":"open","sticky":false,"template":"","format":"standard","meta":{"h5ap_radio_sources":[],"footnotes":""},"categories":[1],"tags":[],"class_list":["post-18803","post","type-post","status-publish","format-standard","has-post-thumbnail","hentry","category-uncategorized"],"_links":{"self":[{"href":"https:\/\/mitrerosario.com.ar\/inicio\/index.php\/wp-json\/wp\/v2\/posts\/18803","targetHints":{"allow":["GET"]}}],"collection":[{"href":"https:\/\/mitrerosario.com.ar\/inicio\/index.php\/wp-json\/wp\/v2\/posts"}],"about":[{"href":"https:\/\/mitrerosario.com.ar\/inicio\/index.php\/wp-json\/wp\/v2\/types\/post"}],"author":[{"embeddable":true,"href":"https:\/\/mitrerosario.com.ar\/inicio\/index.php\/wp-json\/wp\/v2\/users\/2"}],"replies":[{"embeddable":true,"href":"https:\/\/mitrerosario.com.ar\/inicio\/index.php\/wp-json\/wp\/v2\/comments?post=18803"}],"version-history":[{"count":1,"href":"https:\/\/mitrerosario.com.ar\/inicio\/index.php\/wp-json\/wp\/v2\/posts\/18803\/revisions"}],"predecessor-version":[{"id":18804,"href":"https:\/\/mitrerosario.com.ar\/inicio\/index.php\/wp-json\/wp\/v2\/posts\/18803\/revisions\/18804"}],"wp:featuredmedia":[{"embeddable":true,"href":"https:\/\/mitrerosario.com.ar\/inicio\/index.php\/wp-json\/wp\/v2\/media\/15729"}],"wp:attachment":[{"href":"https:\/\/mitrerosario.com.ar\/inicio\/index.php\/wp-json\/wp\/v2\/media?parent=18803"}],"wp:term":[{"taxonomy":"category","embeddable":true,"href":"https:\/\/mitrerosario.com.ar\/inicio\/index.php\/wp-json\/wp\/v2\/categories?post=18803"},{"taxonomy":"post_tag","embeddable":true,"href":"https:\/\/mitrerosario.com.ar\/inicio\/index.php\/wp-json\/wp\/v2\/tags?post=18803"}],"curies":[{"name":"wp","href":"https:\/\/api.w.org\/{rel}","templated":true}]}}