{"id":18817,"date":"2026-05-03T00:14:56","date_gmt":"2026-05-03T00:14:56","guid":{"rendered":"https:\/\/mitrerosario.com.ar\/inicio\/?p=18817"},"modified":"2026-05-03T00:14:56","modified_gmt":"2026-05-03T00:14:56","slug":"tension-en-el-parque-urquiza-por-un-incendio-en-la-barranca","status":"publish","type":"post","link":"https:\/\/mitrerosario.com.ar\/inicio\/index.php\/2026\/05\/03\/tension-en-el-parque-urquiza-por-un-incendio-en-la-barranca\/","title":{"rendered":"Tensi\u00f3n en el Parque Urquiza por un incendio en la barranca"},"content":{"rendered":"\n<p>Un incendio en la zona del Parque Urquiza gener\u00f3 preocupaci\u00f3n entre los vecinos del centro de Rosario este viernes por la noche. No hubo heridos.<\/p>\n\n\n\n<p>El hecho ocurri\u00f3 pasadas las 21:00 a metros de avenida Belgrano, a la altura de calle San Juan. Seg\u00fan las primeras informaciones, el fuego se origin\u00f3 en el sector de la barranca, por causas que no fueron esclarecidas. Por otro lado, el humo y el olor se esparci\u00f3 por los alrededores del parque.<\/p>\n\n\n\n<p>Minutos m\u00e1s tarde, una dotaci\u00f3n de Bomberos Voluntarios acudi\u00f3 a la zona y logr\u00f3 controlar el siniestro a pesar de la dificultad que supuso el viento durante el operativo.<\/p>\n","protected":false},"excerpt":{"rendered":"<p>El siniestro se produjo este viernes por la noche cerca de Belgrano, a la altura de calle San Juan. Bomberos Voluntarios controlaron el foco \u00edgneo. No se registraron heridos.<\/p>\n","protected":false},"author":2,"featured_media":18818,"comment_status":"open","ping_status":"open","sticky":false,"template":"","format":"standard","meta":{"h5ap_radio_sources":[],"footnotes":""},"categories":[1],"tags":[],"class_list":["post-18817","post","type-post","status-publish","format-standard","has-post-thumbnail","hentry","category-uncategorized"],"_links":{"self":[{"href":"https:\/\/mitrerosario.com.ar\/inicio\/index.php\/wp-json\/wp\/v2\/posts\/18817","targetHints":{"allow":["GET"]}}],"collection":[{"href":"https:\/\/mitrerosario.com.ar\/inicio\/index.php\/wp-json\/wp\/v2\/posts"}],"about":[{"href":"https:\/\/mitrerosario.com.ar\/inicio\/index.php\/wp-json\/wp\/v2\/types\/post"}],"author":[{"embeddable":true,"href":"https:\/\/mitrerosario.com.ar\/inicio\/index.php\/wp-json\/wp\/v2\/users\/2"}],"replies":[{"embeddable":true,"href":"https:\/\/mitrerosario.com.ar\/inicio\/index.php\/wp-json\/wp\/v2\/comments?post=18817"}],"version-history":[{"count":1,"href":"https:\/\/mitrerosario.com.ar\/inicio\/index.php\/wp-json\/wp\/v2\/posts\/18817\/revisions"}],"predecessor-version":[{"id":18819,"href":"https:\/\/mitrerosario.com.ar\/inicio\/index.php\/wp-json\/wp\/v2\/posts\/18817\/revisions\/18819"}],"wp:featuredmedia":[{"embeddable":true,"href":"https:\/\/mitrerosario.com.ar\/inicio\/index.php\/wp-json\/wp\/v2\/media\/18818"}],"wp:attachment":[{"href":"https:\/\/mitrerosario.com.ar\/inicio\/index.php\/wp-json\/wp\/v2\/media?parent=18817"}],"wp:term":[{"taxonomy":"category","embeddable":true,"href":"https:\/\/mitrerosario.com.ar\/inicio\/index.php\/wp-json\/wp\/v2\/categories?post=18817"},{"taxonomy":"post_tag","embeddable":true,"href":"https:\/\/mitrerosario.com.ar\/inicio\/index.php\/wp-json\/wp\/v2\/tags?post=18817"}],"curies":[{"name":"wp","href":"https:\/\/api.w.org\/{rel}","templated":true}]}}