{"id":23241,"date":"2026-08-31T21:33:06","date_gmt":"2026-08-31T21:33:06","guid":{"rendered":"https:\/\/mitrerosario.com.ar\/inicio\/?p=23241"},"modified":"2026-08-31T21:33:06","modified_gmt":"2026-08-31T21:33:06","slug":"la-municipalidad-inauguro-casa-grande-un-espacio-dedicado-a-acompanar-personas-mayores","status":"publish","type":"post","link":"https:\/\/mitrerosario.com.ar\/inicio\/index.php\/2026\/08\/31\/la-municipalidad-inauguro-casa-grande-un-espacio-dedicado-a-acompanar-personas-mayores\/","title":{"rendered":"La Municipalidad inaugur\u00f3 Casa Grande, un espacio dedicado a acompa\u00f1ar personas mayores"},"content":{"rendered":"\n<p class=\"wp-block-paragraph\"><strong>El intendente Pablo Javkin encabez\u00f3 este lunes la inauguraci\u00f3n de Casa Grande, en Mitre al 3834. Se trata de un espacio abierto para la comunidad dedicado a acompa\u00f1ar a adultos mayores con pol\u00edticas de cuidado, bienestar e integraci\u00f3n social.&nbsp;<\/strong><\/p>\n\n\n\n<p class=\"wp-block-paragraph\">Fuentes del municipio afirmaron que el espacio donde funciona el establecimiento fue cedido por el Centro Educativo Latinoamericano a ra\u00edz de un trabajo articulado con instituciones privadas y organizaciones de la comunidad que abordan de manera integral las distintas etapas de la vida.<\/p>\n\n\n\n<p class=\"wp-block-paragraph\">De esa manera, la iniciativa se inscribe dentro del Plan Mil65, una pol\u00edtica integral que promueve el seguimiento personalizado y el acompa\u00f1amiento cotidiano de los m\u00e1s vulnerables y as\u00ed fortalecer las redes de cuidado en la ciudad.&nbsp;<\/p>\n\n\n\n<p class=\"wp-block-paragraph\">As\u00ed las cosas, el lugar cuenta con 18 plazas de alojamiento transitorio destinadas a personas mayores de 60 a\u00f1os, autov\u00e1lidas, que atraviesen situaciones de vulnerabilidad social y requieran acompa\u00f1amiento institucional. Se garantizar\u00e1n prestaciones vinculadas a la alimentaci\u00f3n, higiene, descanso y cuidado. Adem\u00e1s se promover\u00e1n actividades que faciliten la reinserci\u00f3n.&nbsp;<\/p>\n\n\n\n<p class=\"wp-block-paragraph\">Con motivo de la inauguraci\u00f3n de Casa Grande, el Intendente detall\u00f3 los prop\u00f3sitos a los que servir\u00e1 el flamante espacio: \u00abAc\u00e1 vamos a tener, primero, un refugio a las 24 horas para personas que est\u00e1n en situaci\u00f3n de calle y son mayores de 65 a\u00f1os\u00bb.<\/p>\n\n\n\n<p class=\"wp-block-paragraph\">Tambi\u00e9n habr\u00e1 talleres y propuestas para adultos mayores y precis\u00f3 que la creaci\u00f3n de este espacio responde a que el municipio detect\u00f3 un aumento de la poblaci\u00f3n de mayor edad en personas en situaci\u00f3n de calle. \u201cLas ciudades est\u00e1n viendo crecer su poblaci\u00f3n adulta mayor, y eso es una tendencia mundial que ac\u00e1 tambi\u00e9n se da y que va en progreso\u201d, argument\u00f3.&nbsp;<\/p>\n\n\n\n<p class=\"wp-block-paragraph\">Luego, profundiz\u00f3 acerca de la problem\u00e1tica: \u00abHay un retiro de muchas de las ofertas de las prestaciones, de PAMI y de otras instituciones, que hacen que, como Estados municipales, empecemos a detectar cosas que antes no detect\u00e1bamos, particularmente gente mayor que est\u00e1 en situaci\u00f3n de calle y que no tiene ni la cobertura social ni la asistencia, por ejemplo, para estar dentro de una instituci\u00f3n\u201d.<\/p>\n\n\n\n<p class=\"wp-block-paragraph\">Con una inversi\u00f3n de 600 millones de pesos, el edificio se hizo desde &nbsp;cero tras la demolici\u00f3n de instalaciones previas que hab\u00eda en el predio cedido. \u00abSe lo construy\u00f3 en tiempo r\u00e9cord. Empezamos en Enero y hoy ya estamos abri\u00e9ndolo, un poquito m\u00e1s de 8 meses. Y, bueno, a partir de ac\u00e1, lo lindo es que la infraestructura es linda verla, es linda verla cumplida en tiempo, pero ac\u00e1 lo importante es lo que empieza a pasar adentro\u00bb, sum\u00f3.<\/p>\n\n\n\n<p class=\"wp-block-paragraph\">Por \u00faltimo, concluy\u00f3: \u00abCuando algo funciona las 24 horas, siempre es m\u00e1s seguridad, hay m\u00e1s movimiento, hay m\u00e1s actividad en el barrio\u201d.&nbsp;<\/p>\n","protected":false},"excerpt":{"rendered":"<p>El intendente Pablo Javkin encabez\u00f3 este lunes la inauguraci\u00f3n de Casa Grande, en Mitre al 3834. Se trata de un espacio abierto para la comunidad dedicado a acompa\u00f1ar a adultos mayores con pol\u00edticas de cuidado, bienestar e integraci\u00f3n social.&nbsp; Fuentes del municipio afirmaron que el espacio donde funciona el establecimiento fue cedido por el Centro [&hellip;]<\/p>\n","protected":false},"author":2,"featured_media":23242,"comment_status":"open","ping_status":"open","sticky":false,"template":"","format":"standard","meta":{"h5ap_radio_sources":[],"footnotes":""},"categories":[1],"tags":[],"class_list":["post-23241","post","type-post","status-publish","format-standard","has-post-thumbnail","hentry","category-uncategorized"],"_links":{"self":[{"href":"https:\/\/mitrerosario.com.ar\/inicio\/index.php\/wp-json\/wp\/v2\/posts\/23241","targetHints":{"allow":["GET"]}}],"collection":[{"href":"https:\/\/mitrerosario.com.ar\/inicio\/index.php\/wp-json\/wp\/v2\/posts"}],"about":[{"href":"https:\/\/mitrerosario.com.ar\/inicio\/index.php\/wp-json\/wp\/v2\/types\/post"}],"author":[{"embeddable":true,"href":"https:\/\/mitrerosario.com.ar\/inicio\/index.php\/wp-json\/wp\/v2\/users\/2"}],"replies":[{"embeddable":true,"href":"https:\/\/mitrerosario.com.ar\/inicio\/index.php\/wp-json\/wp\/v2\/comments?post=23241"}],"version-history":[{"count":1,"href":"https:\/\/mitrerosario.com.ar\/inicio\/index.php\/wp-json\/wp\/v2\/posts\/23241\/revisions"}],"predecessor-version":[{"id":23243,"href":"https:\/\/mitrerosario.com.ar\/inicio\/index.php\/wp-json\/wp\/v2\/posts\/23241\/revisions\/23243"}],"wp:featuredmedia":[{"embeddable":true,"href":"https:\/\/mitrerosario.com.ar\/inicio\/index.php\/wp-json\/wp\/v2\/media\/23242"}],"wp:attachment":[{"href":"https:\/\/mitrerosario.com.ar\/inicio\/index.php\/wp-json\/wp\/v2\/media?parent=23241"}],"wp:term":[{"taxonomy":"category","embeddable":true,"href":"https:\/\/mitrerosario.com.ar\/inicio\/index.php\/wp-json\/wp\/v2\/categories?post=23241"},{"taxonomy":"post_tag","embeddable":true,"href":"https:\/\/mitrerosario.com.ar\/inicio\/index.php\/wp-json\/wp\/v2\/tags?post=23241"}],"curies":[{"name":"wp","href":"https:\/\/api.w.org\/{rel}","templated":true}]}}