{"id":23245,"date":"2026-08-31T23:13:01","date_gmt":"2026-08-31T23:13:01","guid":{"rendered":"https:\/\/mitrerosario.com.ar\/inicio\/?p=23245"},"modified":"2026-08-31T23:13:01","modified_gmt":"2026-08-31T23:13:01","slug":"el-primer-dia-de-rondas-de-negocios-del-santa-fe-business-forum-genero-mas-de-900-contactos","status":"publish","type":"post","link":"https:\/\/mitrerosario.com.ar\/inicio\/index.php\/2026\/08\/31\/el-primer-dia-de-rondas-de-negocios-del-santa-fe-business-forum-genero-mas-de-900-contactos\/","title":{"rendered":"El primer d\u00eda de rondas de negocios del Santa Fe Business Forum gener\u00f3 m\u00e1s de 900 contactos"},"content":{"rendered":"\n<p class=\"wp-block-paragraph\"><strong>En el Santa Fe Business Forum, comenzaron este lunes por la tarde las rondas de negocios, que en esta primera jornada se generaron 915 contactos entre oferentes y compradores en el auditorio de La Fluvial de Rosario.<\/strong><\/p>\n\n\n\n<p class=\"wp-block-paragraph\">El evento cuenta con la participaci\u00f3n de m\u00e1s de 1.100 empresas argentinas oferentes, 250 compradores internacionales de 50 pa\u00edses, 40 fondos de inversi\u00f3n y 250 startups de sectores como energ\u00edas renovables, agroindustria, biotecnolog\u00eda, videojuegos, audiovisual y turismo de reuniones.&nbsp;<\/p>\n\n\n\n<p class=\"wp-block-paragraph\">El ministro de Desarrollo Productivo de Santa Fe, Gustavo Puccini, encabez\u00f3 la apertura y sostuvo: \u00abEs un orgullo que puedan estar visit\u00e1ndonos en nuestra Provincia y en esta ciudad de campeones\u00bb. El funcionario augur\u00f3 que las delegaciones puedan \u00abconocer qui\u00e9nes somos los santafesinos en este mano a mano que van a tener con las empresas\u00bb, y agreg\u00f3 que se encontrar\u00e1n con \u00abel ADN santafesino: buena gente y gente trabajadora, que les van a contar su trayectoria y les van a ofrecer productos de primera calidad\u00bb.<\/p>\n\n\n\n<p class=\"wp-block-paragraph\">Puccini defini\u00f3 a las rondas como \u00abel coraz\u00f3n del Business Forum\u00bb y detall\u00f3 que, en paralelo, se desarrolla un programa de circuitos productivos que permitir\u00e1 a las delegaciones recorrer empresas, frigor\u00edficos, tambos y feedlots para conocer de primera mano a los productores santafesinos. El ministro remarc\u00f3 que ese recorrido llegar\u00e1 incluso al norte de la provincia gracias a los dos vuelos directos articulados para conectar Rosario con Reconquista, y sostuvo: \u00abCada producto que se exporta genera mano de obra, trabajo y que nuestras industrias se consoliden en el mercado internacional\u00bb.<\/p>\n\n\n\n<p class=\"wp-block-paragraph\">Por su parte, la secretaria de Comercio Exterior de Santa Fe, Georgina Losada, agradeci\u00f3 la participaci\u00f3n de las empresas y precis\u00f3 que las firmas argentinas presentes en esta edici\u00f3n pertenecen a siete provincias, principalmente de Santa Fe.<\/p>\n","protected":false},"excerpt":{"rendered":"<p>En el Santa Fe Business Forum, comenzaron este lunes por la tarde las rondas de negocios, que en esta primera jornada se generaron 915 contactos entre oferentes y compradores en el auditorio de La Fluvial de Rosario. El evento cuenta con la participaci\u00f3n de m\u00e1s de 1.100 empresas argentinas oferentes, 250 compradores internacionales de 50 [&hellip;]<\/p>\n","protected":false},"author":2,"featured_media":23246,"comment_status":"open","ping_status":"open","sticky":false,"template":"","format":"standard","meta":{"h5ap_radio_sources":[],"footnotes":""},"categories":[1],"tags":[],"class_list":["post-23245","post","type-post","status-publish","format-standard","has-post-thumbnail","hentry","category-uncategorized"],"_links":{"self":[{"href":"https:\/\/mitrerosario.com.ar\/inicio\/index.php\/wp-json\/wp\/v2\/posts\/23245","targetHints":{"allow":["GET"]}}],"collection":[{"href":"https:\/\/mitrerosario.com.ar\/inicio\/index.php\/wp-json\/wp\/v2\/posts"}],"about":[{"href":"https:\/\/mitrerosario.com.ar\/inicio\/index.php\/wp-json\/wp\/v2\/types\/post"}],"author":[{"embeddable":true,"href":"https:\/\/mitrerosario.com.ar\/inicio\/index.php\/wp-json\/wp\/v2\/users\/2"}],"replies":[{"embeddable":true,"href":"https:\/\/mitrerosario.com.ar\/inicio\/index.php\/wp-json\/wp\/v2\/comments?post=23245"}],"version-history":[{"count":1,"href":"https:\/\/mitrerosario.com.ar\/inicio\/index.php\/wp-json\/wp\/v2\/posts\/23245\/revisions"}],"predecessor-version":[{"id":23247,"href":"https:\/\/mitrerosario.com.ar\/inicio\/index.php\/wp-json\/wp\/v2\/posts\/23245\/revisions\/23247"}],"wp:featuredmedia":[{"embeddable":true,"href":"https:\/\/mitrerosario.com.ar\/inicio\/index.php\/wp-json\/wp\/v2\/media\/23246"}],"wp:attachment":[{"href":"https:\/\/mitrerosario.com.ar\/inicio\/index.php\/wp-json\/wp\/v2\/media?parent=23245"}],"wp:term":[{"taxonomy":"category","embeddable":true,"href":"https:\/\/mitrerosario.com.ar\/inicio\/index.php\/wp-json\/wp\/v2\/categories?post=23245"},{"taxonomy":"post_tag","embeddable":true,"href":"https:\/\/mitrerosario.com.ar\/inicio\/index.php\/wp-json\/wp\/v2\/tags?post=23245"}],"curies":[{"name":"wp","href":"https:\/\/api.w.org\/{rel}","templated":true}]}}