{"id":23263,"date":"2026-09-01T16:58:19","date_gmt":"2026-09-01T16:58:19","guid":{"rendered":"https:\/\/mitrerosario.com.ar\/inicio\/?p=23263"},"modified":"2026-09-01T16:58:19","modified_gmt":"2026-09-01T16:58:19","slug":"milei-reunio-a-su-gabinete-y-prepara-una-cadena-nacional-relacionada-a-la-causa-malvinas","status":"publish","type":"post","link":"https:\/\/mitrerosario.com.ar\/inicio\/index.php\/2026\/09\/01\/milei-reunio-a-su-gabinete-y-prepara-una-cadena-nacional-relacionada-a-la-causa-malvinas\/","title":{"rendered":"Milei reuni\u00f3 a su Gabinete y prepara una cadena nacional relacionada a la causa Malvinas"},"content":{"rendered":"\n<p class=\"wp-block-paragraph\">El presidente Javier Milei llev\u00f3 adelante una reuni\u00f3n con su Gabinete este martes por la ma\u00f1ana en Buenos Aires con la econom\u00eda y la soberan\u00eda de las Islas Malvinas como ejes centrales. Adem\u00e1s, se confirm\u00f3 que hablar\u00e1 para todo el pa\u00eds este jueves.<\/p>\n\n\n\n<p class=\"wp-block-paragraph\">El encuentro tuvo lugar en Casa Rosada y cont\u00f3 con la presencia de la secretaria general de la Presidencia, Karina Milei; el jefe de Gabinete, Diego Santilli; &nbsp;y los ministros Federico Sturzenegger (Desregulaci\u00f3n); Alejandra Monteoliva (Seguridad Nacional); Carlos Presti (Defensa); Mario Lugones (Salud); Juan Bautista Mahiques (Justicia) y Pablo Quirno (Relaciones Exteriores, Comercio Internacional y Culto).<\/p>\n\n\n\n<p class=\"wp-block-paragraph\">A su vez, participaron el presidente de la C\u00e1mara de Diputados, Mart\u00edn Menem; la senadora nacional Patricia Bullrich; el asesor presidencial, Santiago Caputo; la secretaria de Legal y T\u00e9cnica, Mar\u00eda Ibarzabal Murphy; el vocero presidencial, Adri\u00e1n Ravier; y el secretario de Comunicaci\u00f3n y Medios, Fabi\u00e1n Fern\u00e1ndez.<\/p>\n\n\n\n<p class=\"wp-block-paragraph\">Seg\u00fan se dio a conocer, Milei abord\u00f3 los logros del plan econ\u00f3mico de su gesti\u00f3n, partiendo de los \u00faltimos indicadores sobre el mercado laboral y la baja de la tasa de inflaci\u00f3n. A su vez, se coment\u00f3 el reciente informe firmado por el ministro Sturzenegger que contrapone los resultados de la gesti\u00f3n frente a informaci\u00f3n publicada en algunos medios de comunicaci\u00f3n nacionales.<\/p>\n\n\n\n<p class=\"wp-block-paragraph\">En otro segmento de la reuni\u00f3n, el mandatario anticip\u00f3 los preparativos para una nueva cadena nacional que se emitir\u00e1 para todo el territorio este jueves 3 de septiembre. En este caso, estar\u00e1 relacionada a avances diplom\u00e1ticos impulsados por el canciller Pablo Quirno sobre la soberan\u00eda de las Islas Malvinas.<\/p>\n\n\n\n<p class=\"wp-block-paragraph\">En este sentido, el presidente de los Estados Unidos, Donald Trump, viene de declarar ante la prensa de su pa\u00eds que la postura de su gesti\u00f3n sobre Malvinas es \u201cuna de muchas\u201d que est\u00e1n siendo revisadas, abriendo la puerta a un posible posicionamiento en contra de la soberan\u00eda brit\u00e1nica.<\/p>\n\n\n\n<p class=\"wp-block-paragraph\">Por \u00faltimo, Milei aprovech\u00f3 la reuni\u00f3n con sus ministros para repasar el estado de las medidas a cargo de cada una de las carteras nacionales.<\/p>\n","protected":false},"excerpt":{"rendered":"<p>El presidente recibi\u00f3 a los ministros este martes por la ma\u00f1ana en Casa Rosada para profundizar en el plan econ\u00f3mico de su gesti\u00f3n. Tambi\u00e9n abord\u00f3 los avances diplom\u00e1ticos respecto de la defensa de la soberan\u00eda de las islas.<\/p>\n","protected":false},"author":2,"featured_media":22937,"comment_status":"open","ping_status":"open","sticky":false,"template":"","format":"standard","meta":{"h5ap_radio_sources":[],"footnotes":""},"categories":[1],"tags":[],"class_list":["post-23263","post","type-post","status-publish","format-standard","has-post-thumbnail","hentry","category-uncategorized"],"_links":{"self":[{"href":"https:\/\/mitrerosario.com.ar\/inicio\/index.php\/wp-json\/wp\/v2\/posts\/23263","targetHints":{"allow":["GET"]}}],"collection":[{"href":"https:\/\/mitrerosario.com.ar\/inicio\/index.php\/wp-json\/wp\/v2\/posts"}],"about":[{"href":"https:\/\/mitrerosario.com.ar\/inicio\/index.php\/wp-json\/wp\/v2\/types\/post"}],"author":[{"embeddable":true,"href":"https:\/\/mitrerosario.com.ar\/inicio\/index.php\/wp-json\/wp\/v2\/users\/2"}],"replies":[{"embeddable":true,"href":"https:\/\/mitrerosario.com.ar\/inicio\/index.php\/wp-json\/wp\/v2\/comments?post=23263"}],"version-history":[{"count":1,"href":"https:\/\/mitrerosario.com.ar\/inicio\/index.php\/wp-json\/wp\/v2\/posts\/23263\/revisions"}],"predecessor-version":[{"id":23264,"href":"https:\/\/mitrerosario.com.ar\/inicio\/index.php\/wp-json\/wp\/v2\/posts\/23263\/revisions\/23264"}],"wp:featuredmedia":[{"embeddable":true,"href":"https:\/\/mitrerosario.com.ar\/inicio\/index.php\/wp-json\/wp\/v2\/media\/22937"}],"wp:attachment":[{"href":"https:\/\/mitrerosario.com.ar\/inicio\/index.php\/wp-json\/wp\/v2\/media?parent=23263"}],"wp:term":[{"taxonomy":"category","embeddable":true,"href":"https:\/\/mitrerosario.com.ar\/inicio\/index.php\/wp-json\/wp\/v2\/categories?post=23263"},{"taxonomy":"post_tag","embeddable":true,"href":"https:\/\/mitrerosario.com.ar\/inicio\/index.php\/wp-json\/wp\/v2\/tags?post=23263"}],"curies":[{"name":"wp","href":"https:\/\/api.w.org\/{rel}","templated":true}]}}