{"id":23304,"date":"2026-09-02T23:16:33","date_gmt":"2026-09-02T23:16:33","guid":{"rendered":"https:\/\/mitrerosario.com.ar\/inicio\/?p=23304"},"modified":"2026-09-02T23:16:33","modified_gmt":"2026-09-02T23:16:33","slug":"milei-aseguro-que-su-gobierno-esta-ganando-por-goleada-y-ratifico-el-rumbo-economico","status":"publish","type":"post","link":"https:\/\/mitrerosario.com.ar\/inicio\/index.php\/2026\/09\/02\/milei-aseguro-que-su-gobierno-esta-ganando-por-goleada-y-ratifico-el-rumbo-economico\/","title":{"rendered":"Milei asegur\u00f3 que su Gobierno \u201cest\u00e1 ganando por goleada\u201d y ratific\u00f3 el rumbo econ\u00f3mico"},"content":{"rendered":"\n<p class=\"wp-block-paragraph\">El presidente <strong>Javier Milei<\/strong> defendi\u00f3 los resultados de su gesti\u00f3n durante el encuentro <strong>\u201cVientos de Cambio: Avanza la Libertad en Argentina y las Am\u00e9ricas\u201d<\/strong>, organizado por la Fundaci\u00f3n Libertad y Progreso.<\/p>\n\n\n\n<p class=\"wp-block-paragraph\"><strong>\u201cCon los datos les estamos ganando por goleada\u201d,<\/strong> afirm\u00f3 el mandatario, y sostuvo que su Gobierno logr\u00f3 avanzar en la transformaci\u00f3n econ\u00f3mica y pol\u00edtica del pa\u00eds. \u201cCuando nosotros llegamos, Argentina hac\u00eda doce a\u00f1os que no crec\u00eda\u201d, se\u00f1al\u00f3.<\/p>\n\n\n\n<p class=\"wp-block-paragraph\">Milei tambi\u00e9n destac\u00f3 los n\u00fameros que, seg\u00fan sostuvo, consigui\u00f3 su administraci\u00f3n. \u201cEn los dos primeros a\u00f1os generamos un crecimiento de diez puntos porcentuales\u201d y \u201cdurante nuestro Gobierno, o primer Gobierno, estar\u00edamos hacer subir el PBI en un 17%\u201d, afirm\u00f3. Sobre la situaci\u00f3n social, reconoci\u00f3 que \u201cla foto todav\u00eda sigue siendo mala, pero la pel\u00edcula es la mejor de la historia\u201d y agreg\u00f3: \u201c\u00bfSe imaginan lo que estar\u00edan diciendo si estos logros en materia social los hubiera hecho el peronismo? Hoy el 50% de las calles de Argentina llevar\u00edan mi nombre, pero claro, no soy peronista\u201d.<\/p>\n\n\n\n<p class=\"wp-block-paragraph\">El Presidente tambi\u00e9n ratific\u00f3 que no modificar\u00e1 su programa econ\u00f3mico para buscar un mayor respaldo pol\u00edtico. \u201cNo vamos a flexibilizar nuestra pol\u00edtica fiscal. El resultado fiscal no se negocia. Y tampoco vamos a negociar la pol\u00edtica monetaria porque no vamos a parar hasta derrotar la inflaci\u00f3n\u201d, asegur\u00f3. En esa l\u00ednea, cuestion\u00f3 las estrategias vinculadas al populismo: \u201cAl populismo no se le gana haciendo populismo\u201d, dijo, y agreg\u00f3: \u201cNo hay sustituto para las buenas pol\u00edticas, a hacer lo moralmente correcto, a llevar a cabo pol\u00edticas que sean justas y lo que tenemos que hacer es mantenernos en ese rumbo y que elijan los argentinos\u201d.<\/p>\n\n\n\n<p class=\"wp-block-paragraph\">En otro tramo de su discurso, Milei destac\u00f3 el crecimiento de los espacios pol\u00edticos identificados con las ideas de la libertad y habl\u00f3 del escenario electoral. \u201cCuando me met\u00ed en pol\u00edtica el continente estaba pintado casi todo de rojo. Hoy ya somos muchos pa\u00edses pintados de azul y que si siguen evolucionando positivamente en octubre probablemente sumemos uno m\u00e1s\u201d, sostuvo, en referencia a Brasil. Adem\u00e1s, remarc\u00f3: \u201cSi queremos cambiar la realidad no solo tenemos que involucrarnos en la batalla cultural y en la difusi\u00f3n de ideas sino tambi\u00e9n tenemos que involucrarnos en la arena pol\u00edtica\u201d.<\/p>\n\n\n\n<p class=\"wp-block-paragraph\">Milei tambi\u00e9n apunt\u00f3 contra sus cr\u00edticos y compar\u00f3 las dificultades que atraviesa su Gobierno con las que enfrent\u00f3 Mauricio Macri. \u201cSe ha generado esta sensaci\u00f3n de turbulencia, lo mismo que le hicieron a (Mauricio) Macri despu\u00e9s de la reforma previsional. A nosotros no hicieron lo mismo despu\u00e9s de la modernizaci\u00f3n laboral\u201d, afirm\u00f3. En este sentido, a\u00f1adi\u00f3: \u201cLa diferencia es que cuando a Macri le tiraron catorce toneladas de piedras, retrocedi\u00f3. Nosotros decidimos acelerar m\u00e1s\u201d. Sobre el futuro electoral de su proyecto, expres\u00f3: \u201cSi no ganamos es porque como sociedad estamos decidiendo suicidarnos\u201d.<\/p>\n","protected":false},"excerpt":{"rendered":"<p>El presidente Javier Milei defendi\u00f3 los resultados de su gesti\u00f3n durante el encuentro \u201cVientos de Cambio: Avanza la Libertad en Argentina y las Am\u00e9ricas\u201d, organizado por la Fundaci\u00f3n Libertad y Progreso. \u201cCon los datos les estamos ganando por goleada\u201d, afirm\u00f3 el mandatario, y sostuvo que su Gobierno logr\u00f3 avanzar en la transformaci\u00f3n econ\u00f3mica y pol\u00edtica [&hellip;]<\/p>\n","protected":false},"author":2,"featured_media":23305,"comment_status":"open","ping_status":"open","sticky":false,"template":"","format":"standard","meta":{"h5ap_radio_sources":[],"footnotes":""},"categories":[1],"tags":[],"class_list":["post-23304","post","type-post","status-publish","format-standard","has-post-thumbnail","hentry","category-uncategorized"],"_links":{"self":[{"href":"https:\/\/mitrerosario.com.ar\/inicio\/index.php\/wp-json\/wp\/v2\/posts\/23304","targetHints":{"allow":["GET"]}}],"collection":[{"href":"https:\/\/mitrerosario.com.ar\/inicio\/index.php\/wp-json\/wp\/v2\/posts"}],"about":[{"href":"https:\/\/mitrerosario.com.ar\/inicio\/index.php\/wp-json\/wp\/v2\/types\/post"}],"author":[{"embeddable":true,"href":"https:\/\/mitrerosario.com.ar\/inicio\/index.php\/wp-json\/wp\/v2\/users\/2"}],"replies":[{"embeddable":true,"href":"https:\/\/mitrerosario.com.ar\/inicio\/index.php\/wp-json\/wp\/v2\/comments?post=23304"}],"version-history":[{"count":1,"href":"https:\/\/mitrerosario.com.ar\/inicio\/index.php\/wp-json\/wp\/v2\/posts\/23304\/revisions"}],"predecessor-version":[{"id":23306,"href":"https:\/\/mitrerosario.com.ar\/inicio\/index.php\/wp-json\/wp\/v2\/posts\/23304\/revisions\/23306"}],"wp:featuredmedia":[{"embeddable":true,"href":"https:\/\/mitrerosario.com.ar\/inicio\/index.php\/wp-json\/wp\/v2\/media\/23305"}],"wp:attachment":[{"href":"https:\/\/mitrerosario.com.ar\/inicio\/index.php\/wp-json\/wp\/v2\/media?parent=23304"}],"wp:term":[{"taxonomy":"category","embeddable":true,"href":"https:\/\/mitrerosario.com.ar\/inicio\/index.php\/wp-json\/wp\/v2\/categories?post=23304"},{"taxonomy":"post_tag","embeddable":true,"href":"https:\/\/mitrerosario.com.ar\/inicio\/index.php\/wp-json\/wp\/v2\/tags?post=23304"}],"curies":[{"name":"wp","href":"https:\/\/api.w.org\/{rel}","templated":true}]}}