{"id":23307,"date":"2026-09-02T23:50:54","date_gmt":"2026-09-02T23:50:54","guid":{"rendered":"https:\/\/mitrerosario.com.ar\/inicio\/?p=23307"},"modified":"2026-09-02T23:50:54","modified_gmt":"2026-09-02T23:50:54","slug":"se-destrabo-la-negociacion-y-santiago-solari-es-nuevo-jugador-de-newells","status":"publish","type":"post","link":"https:\/\/mitrerosario.com.ar\/inicio\/index.php\/2026\/09\/02\/se-destrabo-la-negociacion-y-santiago-solari-es-nuevo-jugador-de-newells\/","title":{"rendered":"Se destrab\u00f3 la negociaci\u00f3n y Santiago Solari es nuevo jugador de Newell\u2019s"},"content":{"rendered":"\n<p class=\"wp-block-paragraph\">Newell\u2019s confirm\u00f3 oficialmente este mi\u00e9rcoles que Santiago Solari se convirti\u00f3 en nuevo jugador del club. El atacante super\u00f3 los ex\u00e1menes m\u00e9dicos, firm\u00f3 su contrato y ya se encuentra a disposici\u00f3n de Frank Dar\u00edo Kudelka. Se trata de un pr\u00e9stamo desde Racing hasta el 30 de junio de 2027, con cargo y opci\u00f3n de compra.<\/p>\n\n\n\n<p class=\"wp-block-paragraph\">La llegada del extremo estuvo en duda durante las \u00faltimas horas debido a una cl\u00e1usula que Newell\u2019s no estaba dispuesto a aceptar. El punto de conflicto establec\u00eda que, en caso de que Solari regresara a Racing con un contrato superior al que ten\u00eda antes de su salida, la diferencia salarial deb\u00eda continuar siendo abonada por el club rosarino.<\/p>\n\n\n\n<blockquote class=\"twitter-tweet\"><p lang=\"es\" dir=\"ltr\">COMUNICADO OFICIAL<br><br>El Club Atl\u00e9tico Newell&#39;s Old Boys informa que Santiago Solari se convirti\u00f3 en nuevo jugador de la instituci\u00f3n. El atacante super\u00f3 los ex\u00e1menes m\u00e9dicos, firm\u00f3 su contrato por una temporada y ya se encuentra a disposici\u00f3n de Frank Dar\u00edo Kudelka.<br><br>Se trata de\u2026 <a href=\"https:\/\/t.co\/8kL00X0uOA\">pic.twitter.com\/8kL00X0uOA<\/a><\/p>&mdash; Newell\u2019s Old Boys (@Newells) <a href=\"https:\/\/x.com\/Newells\/status\/2095287513975849407?ref_src=twsrc%5Etfw\">September 2, 2026<\/a><\/blockquote> <script async src=\"https:\/\/platform.x.com\/widgets.js\" charset=\"utf-8\"><\/script>\n\n\n\n<p class=\"wp-block-paragraph\">La situaci\u00f3n finalmente se destrab\u00f3 porque el propio futbolista decidi\u00f3 reducir su salario para igualar el que percib\u00eda en Racing. De esa manera, la cl\u00e1usula perdi\u00f3 pr\u00e1cticamente su efecto y las partes pudieron cerrar el acuerdo. Solari, nacido el 19 de enero de 1998 en Arizona, San Luis, ya qued\u00f3 habilitado para comenzar a trabajar bajo las \u00f3rdenes de Kudelka.<\/p>\n\n\n\n<p class=\"wp-block-paragraph\">El delantero lleg\u00f3 a Racing en 2024 procedente de Defensa y Justicia, en una operaci\u00f3n de tres millones de d\u00f3lares por el 80% de su ficha. Durante su paso por la Academia disput\u00f3 107 partidos, convirti\u00f3 15 goles y aport\u00f3 15 asistencias, adem\u00e1s de formar parte de los planteles campeones de la Copa Sudamericana 2024 y la Recopa Sudamericana 2025.<\/p>\n","protected":false},"excerpt":{"rendered":"<p>Newell\u2019s confirm\u00f3 oficialmente este mi\u00e9rcoles que Santiago Solari se convirti\u00f3 en nuevo jugador del club. El atacante super\u00f3 los ex\u00e1menes m\u00e9dicos, firm\u00f3 su contrato y ya se encuentra a disposici\u00f3n de Frank Dar\u00edo Kudelka. Se trata de un pr\u00e9stamo desde Racing hasta el 30 de junio de 2027, con cargo y opci\u00f3n de compra. La [&hellip;]<\/p>\n","protected":false},"author":2,"featured_media":23308,"comment_status":"open","ping_status":"open","sticky":false,"template":"","format":"standard","meta":{"h5ap_radio_sources":[],"footnotes":""},"categories":[1],"tags":[],"class_list":["post-23307","post","type-post","status-publish","format-standard","has-post-thumbnail","hentry","category-uncategorized"],"_links":{"self":[{"href":"https:\/\/mitrerosario.com.ar\/inicio\/index.php\/wp-json\/wp\/v2\/posts\/23307","targetHints":{"allow":["GET"]}}],"collection":[{"href":"https:\/\/mitrerosario.com.ar\/inicio\/index.php\/wp-json\/wp\/v2\/posts"}],"about":[{"href":"https:\/\/mitrerosario.com.ar\/inicio\/index.php\/wp-json\/wp\/v2\/types\/post"}],"author":[{"embeddable":true,"href":"https:\/\/mitrerosario.com.ar\/inicio\/index.php\/wp-json\/wp\/v2\/users\/2"}],"replies":[{"embeddable":true,"href":"https:\/\/mitrerosario.com.ar\/inicio\/index.php\/wp-json\/wp\/v2\/comments?post=23307"}],"version-history":[{"count":1,"href":"https:\/\/mitrerosario.com.ar\/inicio\/index.php\/wp-json\/wp\/v2\/posts\/23307\/revisions"}],"predecessor-version":[{"id":23309,"href":"https:\/\/mitrerosario.com.ar\/inicio\/index.php\/wp-json\/wp\/v2\/posts\/23307\/revisions\/23309"}],"wp:featuredmedia":[{"embeddable":true,"href":"https:\/\/mitrerosario.com.ar\/inicio\/index.php\/wp-json\/wp\/v2\/media\/23308"}],"wp:attachment":[{"href":"https:\/\/mitrerosario.com.ar\/inicio\/index.php\/wp-json\/wp\/v2\/media?parent=23307"}],"wp:term":[{"taxonomy":"category","embeddable":true,"href":"https:\/\/mitrerosario.com.ar\/inicio\/index.php\/wp-json\/wp\/v2\/categories?post=23307"},{"taxonomy":"post_tag","embeddable":true,"href":"https:\/\/mitrerosario.com.ar\/inicio\/index.php\/wp-json\/wp\/v2\/tags?post=23307"}],"curies":[{"name":"wp","href":"https:\/\/api.w.org\/{rel}","templated":true}]}}