{"id":23310,"date":"2026-09-03T00:47:47","date_gmt":"2026-09-03T00:47:47","guid":{"rendered":"https:\/\/mitrerosario.com.ar\/inicio\/?p=23310"},"modified":"2026-09-03T00:47:47","modified_gmt":"2026-09-03T00:47:47","slug":"alerta-amarilla-por-tormentas-en-rosario-y-el-sur-de-santa-fe-que-recomienda-la-municipalidad","status":"publish","type":"post","link":"https:\/\/mitrerosario.com.ar\/inicio\/index.php\/2026\/09\/03\/alerta-amarilla-por-tormentas-en-rosario-y-el-sur-de-santa-fe-que-recomienda-la-municipalidad\/","title":{"rendered":"Alerta amarilla por tormentas en Rosario y el sur de Santa Fe: qu\u00e9 recomienda la Municipalidad"},"content":{"rendered":"\n<p class=\"wp-block-paragraph\">El Servicio Meteorol\u00f3gico Nacional (SMN) emiti\u00f3 una <strong>alerta amarilla para Rosario, Constituci\u00f3n, Iriondo y San Lorenzo<\/strong> por tormentas que podr\u00edan registrarse durante la ma\u00f1ana de este jueves 3 de septiembre. El organismo indic\u00f3 que algunas pueden ser localmente fuertes y estar acompa\u00f1adas por abundantes precipitaciones en cortos per\u00edodos, r\u00e1fagas intensas, granizo localizado y frecuente actividad el\u00e9ctrica.<\/p>\n\n\n\n<p class=\"wp-block-paragraph\">Seg\u00fan el informe difundido este mi\u00e9rcoles a las 17:46, se esperan valores de precipitaci\u00f3n acumulada de entre 20 y 50 mil\u00edmetros, aunque el SMN advirti\u00f3 que esos registros \u201cpueden ser superados de forma puntual\u201d.<\/p>\n\n\n\n<p class=\"wp-block-paragraph\">Ante este escenario, la Municipalidad recomend\u00f3 evitar circular por la calle salvo que sea necesario y prestar especial atenci\u00f3n a los veh\u00edculos estacionados cerca de \u00e1rboles. Tambi\u00e9n pidi\u00f3 mantener a los animales dom\u00e9sticos en lugares protegidos y no tocar columnas de alumbrado, cajas de luz ni cables que se encuentren en la v\u00eda p\u00fablica.<\/p>\n\n\n\n<p class=\"wp-block-paragraph\">Adem\u00e1s, se solicit\u00f3 sacar la basura \u00fanicamente en los horarios de recolecci\u00f3n y no dejar residuos fuera de contenedores o cestos para evitar anegamientos. Tambi\u00e9n se aconseja retirar de balcones y terrazas objetos que puedan ser desplazados por el viento, mantener limpias terrazas, azoteas y patios y revisar canaletas y desag\u00fces. Ante cualquier inconveniente, <strong>se puede llamar al 103 de Protecci\u00f3n Civil o realizar reclamos a trav\u00e9s de MuniBot por WhatsApp al 3415440147.<\/strong><\/p>\n\n\n\n<p class=\"wp-block-paragraph\">Despu\u00e9s de la lluvia, las autoridades recomendaron vaciar y limpiar recipientes o espacios donde pueda acumularse agua para prevenir la reproducci\u00f3n del mosquito Aedes aegypti, transmisor del dengue, zika y chikungunya. Los recipientes deben mantenerse preferentemente boca abajo y, si acumularon agua, deben ser vaciados y cepillados.<\/p>\n","protected":false},"excerpt":{"rendered":"<p>El Servicio Meteorol\u00f3gico Nacional (SMN) emiti\u00f3 una alerta amarilla para Rosario, Constituci\u00f3n, Iriondo y San Lorenzo por tormentas que podr\u00edan registrarse durante la ma\u00f1ana de este jueves 3 de septiembre. El organismo indic\u00f3 que algunas pueden ser localmente fuertes y estar acompa\u00f1adas por abundantes precipitaciones en cortos per\u00edodos, r\u00e1fagas intensas, granizo localizado y frecuente actividad [&hellip;]<\/p>\n","protected":false},"author":2,"featured_media":23311,"comment_status":"open","ping_status":"open","sticky":false,"template":"","format":"standard","meta":{"h5ap_radio_sources":[],"footnotes":""},"categories":[1],"tags":[],"class_list":["post-23310","post","type-post","status-publish","format-standard","has-post-thumbnail","hentry","category-uncategorized"],"_links":{"self":[{"href":"https:\/\/mitrerosario.com.ar\/inicio\/index.php\/wp-json\/wp\/v2\/posts\/23310","targetHints":{"allow":["GET"]}}],"collection":[{"href":"https:\/\/mitrerosario.com.ar\/inicio\/index.php\/wp-json\/wp\/v2\/posts"}],"about":[{"href":"https:\/\/mitrerosario.com.ar\/inicio\/index.php\/wp-json\/wp\/v2\/types\/post"}],"author":[{"embeddable":true,"href":"https:\/\/mitrerosario.com.ar\/inicio\/index.php\/wp-json\/wp\/v2\/users\/2"}],"replies":[{"embeddable":true,"href":"https:\/\/mitrerosario.com.ar\/inicio\/index.php\/wp-json\/wp\/v2\/comments?post=23310"}],"version-history":[{"count":1,"href":"https:\/\/mitrerosario.com.ar\/inicio\/index.php\/wp-json\/wp\/v2\/posts\/23310\/revisions"}],"predecessor-version":[{"id":23312,"href":"https:\/\/mitrerosario.com.ar\/inicio\/index.php\/wp-json\/wp\/v2\/posts\/23310\/revisions\/23312"}],"wp:featuredmedia":[{"embeddable":true,"href":"https:\/\/mitrerosario.com.ar\/inicio\/index.php\/wp-json\/wp\/v2\/media\/23311"}],"wp:attachment":[{"href":"https:\/\/mitrerosario.com.ar\/inicio\/index.php\/wp-json\/wp\/v2\/media?parent=23310"}],"wp:term":[{"taxonomy":"category","embeddable":true,"href":"https:\/\/mitrerosario.com.ar\/inicio\/index.php\/wp-json\/wp\/v2\/categories?post=23310"},{"taxonomy":"post_tag","embeddable":true,"href":"https:\/\/mitrerosario.com.ar\/inicio\/index.php\/wp-json\/wp\/v2\/tags?post=23310"}],"curies":[{"name":"wp","href":"https:\/\/api.w.org\/{rel}","templated":true}]}}