{"id":23322,"date":"2026-09-03T17:07:02","date_gmt":"2026-09-03T17:07:02","guid":{"rendered":"https:\/\/mitrerosario.com.ar\/inicio\/?p=23322"},"modified":"2026-09-03T17:07:02","modified_gmt":"2026-09-03T17:07:02","slug":"abel-pintos-y-la-alegria-de-reencontrarse-con-el-publico-de-rosario-nunca-es-suficiente-es-una-ciudad-fundamental","status":"publish","type":"post","link":"https:\/\/mitrerosario.com.ar\/inicio\/index.php\/2026\/09\/03\/abel-pintos-y-la-alegria-de-reencontrarse-con-el-publico-de-rosario-nunca-es-suficiente-es-una-ciudad-fundamental\/","title":{"rendered":"Abel Pintos y la alegr\u00eda de reencontrarse con el p\u00fablico de Rosario: \u00abNunca es suficiente, es una ciudad fundamental\u00bb"},"content":{"rendered":"\n<p class=\"wp-block-paragraph\">Abel Pintos expres\u00f3 su emoci\u00f3n de cerrar el 2026 con cuatro shows diferentes en Rosario, luego de los anuncios de su rol en la inauguraci\u00f3n de los XIII Juegos Suramericanos Santa Fe 2026 y su fecha en el Anfiteatro Municipal por el Buenaventura Tour 2026, cuyas entradas salieron a la venta este mediod\u00eda <a href=\"www.abel.art\">en su web oficial<\/a>.<\/p>\n\n\n\n<p class=\"wp-block-paragraph\">La figura de la m\u00fasica argentina charl\u00f3 en exclusiva con \u201cEl Puente\u201d de Radio Mitre Rosario y \u201cLa Tarde de La 100\u201d de La 100 Rosario este mi\u00e9rcoles y palpit\u00f3 sus futuros reencuentros con la ciudad que se gan\u00f3 su coraz\u00f3n. Adem\u00e1s, dio detalles sobre su reciente lanzamiento, \u201cIbuprofeno\u201d.<\/p>\n\n\n\n<p class=\"wp-block-paragraph\">Por un lado, el artista afirm\u00f3 que est\u00e1 \u201cmuy contento\u201d con la posibilidad de regresar a suelo rosarino para tocar en el Anfiteatro Municipal Humberto De Nito el s\u00e1bado 28 de noviembre, en el marco de la gira que tambi\u00e9n lo llevar\u00e1 a recorrer Mar del Plata, Buenos Aires, C\u00f3rdoba, Mendoza, San Juan y Bariloche, con destinos por anunciar. \u00abEs un lugar muy especial, tiene una m\u00edstica y una magia muy especiales\u201d, expres\u00f3.<\/p>\n\n\n\n<p class=\"wp-block-paragraph\">Al ser consultado sobre su rol en la fiesta de apertura de los Suramericanos el pr\u00f3ximo s\u00e1bado 12 de septiembre, con un show gratuito en el Monumento Nacional a la Bandera en el que tambi\u00e9n participar\u00e1n nombres como Luck Ra, Soledad, Juan Carlos Baglietto, Cacho Deicas y Valentino Merlo, Pintos mencion\u00f3: \u201cLa direcci\u00f3n art\u00edstica la est\u00e1 llevando Lito Vittale, se que va a haber un mont\u00f3n de m\u00fasicos de distintas generaciones poni\u00e9ndonos a disposici\u00f3n de este evento. Vamos a funcionar como un instrumento que ayude a construir, desde el lado cultural, este contexto deportivo\u201d. A su vez, entre risas coment\u00f3: \u201cMe da la excusa de ir a Rosario otra vez\u201d.<\/p>\n\n\n\n<p class=\"wp-block-paragraph\">A su vez, el cantante rememor\u00f3 el recital que protagoniz\u00f3 el pasado 20 de junio en el mismo lugar, donde m\u00e1s de 350.000 personas disfrutaron de su m\u00fasica durante la fecha patria. \u201cHay lugares y ocasiones que son un poco consagratorias, yo siento que el concierto del D\u00eda de la Bandera fue eso, no solamente para los artistas sino tambi\u00e9n para el v\u00ednculo con su p\u00fablico. Fue como colgarnos una medalla de tantos a\u00f1os de estar acompa\u00f1\u00e1ndonos y generando este v\u00ednculo\u201d, consider\u00f3.<\/p>\n\n\n\n<p class=\"wp-block-paragraph\">Tras la confirmaci\u00f3n de que tocar\u00e1 cuatro veces diferentes a lo largo del a\u00f1o en la ciudad, Abel asegur\u00f3 que \u201cnunca es suficiente\u00bb y argument\u00f3: \u00abRosario es una ciudad fundamental para m\u00ed, sobre todo para los conciertos de concepto o disco nuevo, el p\u00fablico me conoce muy bien desde hace muchos a\u00f1os, me ha visto crecer y, de alguna manera, entiendo que tienen una precisi\u00f3n quir\u00fargica de recibir un nuevo concierto o una canci\u00f3n de mi parte\u201d.<\/p>\n\n\n\n<p class=\"wp-block-paragraph\">Por otro lado, Abel profundiz\u00f3 en el lanzamiento de su m\u00e1s reciente canci\u00f3n, \u201cIbuprofeno\u201d, y revel\u00f3 que, a diferencia de otras composiciones que abordan sus experiencias del pasado, esta vez refleja pensamientos de su presente. \u201cEsta relaci\u00f3n que estoy encontrando con mis angustias, mis miedos y ansiedades es donde tengo puesta la mirada hoy, de esto es lo que hablo en mi casa, en terapia, con mis amigos\u201d.<\/p>\n\n\n\n<p class=\"wp-block-paragraph\">En la misma l\u00ednea, habl\u00f3 sobre su composici\u00f3n y mencion\u00f3: \u201cEn un momento decid\u00ed hacer una pausa como autor y compositor, fueron unos cuatro a\u00f1os y los necesitaba como reinvenci\u00f3n creativa. Ahora que empec\u00e9 a escribir canciones de nuevo busco otros resultados y estoy como en un laboratorio\u201d.&nbsp;<\/p>\n\n\n\n<figure class=\"wp-block-embed is-type-rich is-provider-youtube wp-block-embed-youtube wp-embed-aspect-4-3 wp-has-aspect-ratio\"><div class=\"wp-block-embed__wrapper\">\n<iframe title=\"Abel Pintos - Ibuprofeno (Official Video)\" width=\"800\" height=\"600\" src=\"https:\/\/www.youtube.com\/embed\/bCSTVPxz1fE?feature=oembed\" frameborder=\"0\" allow=\"accelerometer; autoplay; clipboard-write; encrypted-media; gyroscope; picture-in-picture; web-share\" referrerpolicy=\"strict-origin-when-cross-origin\" allowfullscreen><\/iframe>\n<\/div><\/figure>\n","protected":false},"excerpt":{"rendered":"<p>El artista nacional habl\u00f3 en exclusiva para Radio Mitre Rosario y La 100 Rosario en la previa de su participaci\u00f3n en la apertura de los Juegos Suramericanos y su posterior visita con el Buenaventura Tour. Este mediod\u00eda salieron las entradas para su show en el Anfiteatro Municipal.<\/p>\n","protected":false},"author":2,"featured_media":7980,"comment_status":"open","ping_status":"open","sticky":false,"template":"","format":"standard","meta":{"h5ap_radio_sources":[],"footnotes":""},"categories":[1],"tags":[],"class_list":["post-23322","post","type-post","status-publish","format-standard","has-post-thumbnail","hentry","category-uncategorized"],"_links":{"self":[{"href":"https:\/\/mitrerosario.com.ar\/inicio\/index.php\/wp-json\/wp\/v2\/posts\/23322","targetHints":{"allow":["GET"]}}],"collection":[{"href":"https:\/\/mitrerosario.com.ar\/inicio\/index.php\/wp-json\/wp\/v2\/posts"}],"about":[{"href":"https:\/\/mitrerosario.com.ar\/inicio\/index.php\/wp-json\/wp\/v2\/types\/post"}],"author":[{"embeddable":true,"href":"https:\/\/mitrerosario.com.ar\/inicio\/index.php\/wp-json\/wp\/v2\/users\/2"}],"replies":[{"embeddable":true,"href":"https:\/\/mitrerosario.com.ar\/inicio\/index.php\/wp-json\/wp\/v2\/comments?post=23322"}],"version-history":[{"count":1,"href":"https:\/\/mitrerosario.com.ar\/inicio\/index.php\/wp-json\/wp\/v2\/posts\/23322\/revisions"}],"predecessor-version":[{"id":23324,"href":"https:\/\/mitrerosario.com.ar\/inicio\/index.php\/wp-json\/wp\/v2\/posts\/23322\/revisions\/23324"}],"wp:featuredmedia":[{"embeddable":true,"href":"https:\/\/mitrerosario.com.ar\/inicio\/index.php\/wp-json\/wp\/v2\/media\/7980"}],"wp:attachment":[{"href":"https:\/\/mitrerosario.com.ar\/inicio\/index.php\/wp-json\/wp\/v2\/media?parent=23322"}],"wp:term":[{"taxonomy":"category","embeddable":true,"href":"https:\/\/mitrerosario.com.ar\/inicio\/index.php\/wp-json\/wp\/v2\/categories?post=23322"},{"taxonomy":"post_tag","embeddable":true,"href":"https:\/\/mitrerosario.com.ar\/inicio\/index.php\/wp-json\/wp\/v2\/tags?post=23322"}],"curies":[{"name":"wp","href":"https:\/\/api.w.org\/{rel}","templated":true}]}}