{"id":23328,"date":"2026-09-03T22:25:24","date_gmt":"2026-09-03T22:25:24","guid":{"rendered":"https:\/\/mitrerosario.com.ar\/inicio\/?p=23328"},"modified":"2026-09-03T22:25:24","modified_gmt":"2026-09-03T22:25:24","slug":"destituyeron-a-un-fiscal-santafesino-por-simular-el-robo-de-dos-neumaticos","status":"publish","type":"post","link":"https:\/\/mitrerosario.com.ar\/inicio\/index.php\/2026\/09\/03\/destituyeron-a-un-fiscal-santafesino-por-simular-el-robo-de-dos-neumaticos\/","title":{"rendered":"Destituyeron a un fiscal santafesino por simular el robo de dos neum\u00e1ticos"},"content":{"rendered":"\n<p class=\"wp-block-paragraph\">La Legislatura de Santa Fe destituy\u00f3 este jueves al fiscal del Ministerio P\u00fablico de la Acusaci\u00f3n (MPA) de San Jorge, Diego Rodr\u00edguez y Barros, luego de un proceso disciplinario que se inici\u00f3 por una denuncia que \u00e9l mismo hab\u00eda presentado por el supuesto robo de dos neum\u00e1ticos de su veh\u00edculo. La investigaci\u00f3n encontr\u00f3 elementos que indicaban que el hecho habr\u00eda sido simulado para conseguir que la compa\u00f1\u00eda de seguros repusiera las cubiertas.<\/p>\n\n\n\n<p class=\"wp-block-paragraph\">El caso comenz\u00f3 cuando el MPA realiz\u00f3 una consulta de oficio ante la aseguradora y encontr\u00f3 elementos que despertaron sospechas. El expediente fue derivado al auditor Leandro Mai y luego remitido a la Legislatura, que en noviembre pasado dispuso la suspensi\u00f3n preventiva del fiscal, con una reducci\u00f3n del 50% de su salario y la prohibici\u00f3n de ingresar a dependencias del MPA.<\/p>\n\n\n\n<p class=\"wp-block-paragraph\">A esa investigaci\u00f3n se sumaron luego denuncias de trabajadores de la fiscal\u00eda por presuntos malos tratos y otros cuestionamientos sobre su desempe\u00f1o. Tambi\u00e9n fue acusado de ingresar sin autorizaci\u00f3n al sistema inform\u00e1tico Heimdall del MPA y de intervenir en una causa en la que \u00e9l mismo aparec\u00eda como v\u00edctima de amenazas. En ese expediente habr\u00eda cargado un requerimiento acusatorio elaborado por otro fiscal y solicitado una reparaci\u00f3n econ\u00f3mica para s\u00ed mismo. En marzo de 2026, la causa fue caratulada como tentativa de estafa.<\/p>\n\n\n\n<p class=\"wp-block-paragraph\">Rodr\u00edguez y Barros intent\u00f3 frenar el proceso disciplinario mediante un recurso de amparo. Su defensa sostuvo que el expediente deb\u00eda tramitarse bajo el nuevo sistema de enjuiciamiento previsto por la Constituci\u00f3n de Santa Fe, que contempla mayores garant\u00edas para el debido proceso. Sin embargo, la Comisi\u00f3n Bicameral de Acuerdos entendi\u00f3 que ese mecanismo todav\u00eda no se encuentra vigente porque depende de la sanci\u00f3n de una ley que lo reglamente.<\/p>\n\n\n\n<p class=\"wp-block-paragraph\">Finalmente, el planteo impulsado por el diputado Marcos Corach lleg\u00f3 este jueves a la sesi\u00f3n conjunta de ambas c\u00e1maras. Diputados y Senadores resolvieron finalmente la destituci\u00f3n de Rodr\u00edguez y Barros, quien permanec\u00eda suspendido preventivamente desde noviembre del a\u00f1o pasado.<\/p>\n","protected":false},"excerpt":{"rendered":"<p>La Legislatura de Santa Fe destituy\u00f3 este jueves al fiscal del Ministerio P\u00fablico de la Acusaci\u00f3n (MPA) de San Jorge, Diego Rodr\u00edguez y Barros, luego de un proceso disciplinario que se inici\u00f3 por una denuncia que \u00e9l mismo hab\u00eda presentado por el supuesto robo de dos neum\u00e1ticos de su veh\u00edculo. La investigaci\u00f3n encontr\u00f3 elementos que [&hellip;]<\/p>\n","protected":false},"author":2,"featured_media":23329,"comment_status":"open","ping_status":"open","sticky":false,"template":"","format":"standard","meta":{"h5ap_radio_sources":[],"footnotes":""},"categories":[1],"tags":[],"class_list":["post-23328","post","type-post","status-publish","format-standard","has-post-thumbnail","hentry","category-uncategorized"],"_links":{"self":[{"href":"https:\/\/mitrerosario.com.ar\/inicio\/index.php\/wp-json\/wp\/v2\/posts\/23328","targetHints":{"allow":["GET"]}}],"collection":[{"href":"https:\/\/mitrerosario.com.ar\/inicio\/index.php\/wp-json\/wp\/v2\/posts"}],"about":[{"href":"https:\/\/mitrerosario.com.ar\/inicio\/index.php\/wp-json\/wp\/v2\/types\/post"}],"author":[{"embeddable":true,"href":"https:\/\/mitrerosario.com.ar\/inicio\/index.php\/wp-json\/wp\/v2\/users\/2"}],"replies":[{"embeddable":true,"href":"https:\/\/mitrerosario.com.ar\/inicio\/index.php\/wp-json\/wp\/v2\/comments?post=23328"}],"version-history":[{"count":1,"href":"https:\/\/mitrerosario.com.ar\/inicio\/index.php\/wp-json\/wp\/v2\/posts\/23328\/revisions"}],"predecessor-version":[{"id":23330,"href":"https:\/\/mitrerosario.com.ar\/inicio\/index.php\/wp-json\/wp\/v2\/posts\/23328\/revisions\/23330"}],"wp:featuredmedia":[{"embeddable":true,"href":"https:\/\/mitrerosario.com.ar\/inicio\/index.php\/wp-json\/wp\/v2\/media\/23329"}],"wp:attachment":[{"href":"https:\/\/mitrerosario.com.ar\/inicio\/index.php\/wp-json\/wp\/v2\/media?parent=23328"}],"wp:term":[{"taxonomy":"category","embeddable":true,"href":"https:\/\/mitrerosario.com.ar\/inicio\/index.php\/wp-json\/wp\/v2\/categories?post=23328"},{"taxonomy":"post_tag","embeddable":true,"href":"https:\/\/mitrerosario.com.ar\/inicio\/index.php\/wp-json\/wp\/v2\/tags?post=23328"}],"curies":[{"name":"wp","href":"https:\/\/api.w.org\/{rel}","templated":true}]}}