{"id":23331,"date":"2026-09-03T23:04:35","date_gmt":"2026-09-03T23:04:35","guid":{"rendered":"https:\/\/mitrerosario.com.ar\/inicio\/?p=23331"},"modified":"2026-09-03T23:04:35","modified_gmt":"2026-09-03T23:04:35","slug":"newells-volvio-a-vivir-el-tradicional-banderazo-antes-del-clasico-con-central","status":"publish","type":"post","link":"https:\/\/mitrerosario.com.ar\/inicio\/index.php\/2026\/09\/03\/newells-volvio-a-vivir-el-tradicional-banderazo-antes-del-clasico-con-central\/","title":{"rendered":"Newell\u2019s volvi\u00f3 a vivir el tradicional banderazo antes del cl\u00e1sico con Central"},"content":{"rendered":"\n<p class=\"wp-block-paragraph\">Los hinchas de Newell\u2019s volvieron a encontrarse este jueves en el Coloso Marcelo Bielsa para una nueva edici\u00f3n del tradicional banderazo. La convocatoria comenz\u00f3 a las 17 y tuvo su momento principal poco despu\u00e9s de las 18.30, cuando los jugadores del plantel de Primera Divisi\u00f3n salieron al campo de juego.<\/p>\n\n\n\n<p class=\"wp-block-paragraph\">El ritual de los hinchas rojinegros se realiz\u00f3 en la previa del cl\u00e1sico rosarino ante Central, que se disputar\u00e1 este domingo a las 14.45 en el Gigante de Arroyito.<\/p>\n\n\n\n<p class=\"wp-block-paragraph\">La jornada tuvo adem\u00e1s un significado especial para la hinchada leprosa, ya que se cumplen 30 a\u00f1os del inicio de esta celebraci\u00f3n, que con el paso del tiempo se convirti\u00f3 en una de las principales tradiciones de Newell\u2019s antes del cl\u00e1sico.<\/p>\n\n\n\n<blockquote class=\"twitter-tweet\"><p lang=\"es\" dir=\"ltr\">\ud83d\udd34\u26ab\ufe0f \u00a1ESPECTACULAR BANDERAZO DE LA LEPRA! As\u00ed se vive en el Coloso del Parque la previa del Cl\u00e1sico Newell&#39;s vs. Rosario Central. <br><br>\u25b6\ufe0f Mir\u00e1 <a href=\"https:\/\/x.com\/hashtag\/ESPNF360?src=hash&amp;ref_src=twsrc%5Etfw\">#ESPNF360<\/a> en el Plan Premium de <a href=\"https:\/\/x.com\/hashtag\/DisneyPlus?src=hash&amp;ref_src=twsrc%5Etfw\">#DisneyPlus<\/a> <a href=\"https:\/\/t.co\/Rx0qRcUfcy\">pic.twitter.com\/Rx0qRcUfcy<\/a><\/p>&mdash; ESPN Argentina (@ESPNArgentina) <a href=\"https:\/\/x.com\/ESPNArgentina\/status\/2095628687290798237?ref_src=twsrc%5Etfw\">September 3, 2026<\/a><\/blockquote> <script async src=\"https:\/\/platform.x.com\/widgets.js\" charset=\"utf-8\"><\/script>\n\n\n\n<p class=\"wp-block-paragraph\">Para la convocatoria estuvieron habilitadas la Popular Lionel Messi, conocida como Palomar, y la Platea Este, ubicada en el sector del Museo.<\/p>\n\n\n\n<p class=\"wp-block-paragraph\">En tanto, la Tribuna Diego Armando Maradona, del lado del Hip\u00f3dromo, permaneci\u00f3 cerrada debido a la organizaci\u00f3n de los XIII Juegos Suramericanos.<\/p>\n\n\n\n<p class=\"wp-block-paragraph\">El ingreso al estadio fue libre para socios, socias y tambi\u00e9n para quienes no sean socios del club. La convocatoria represent\u00f3 una de las \u00faltimas muestras de apoyo de los hinchas al plantel antes del cl\u00e1sico del domingo.<\/p>\n","protected":false},"excerpt":{"rendered":"<p>Los hinchas de Newell\u2019s volvieron a encontrarse este jueves en el Coloso Marcelo Bielsa para una nueva edici\u00f3n del tradicional banderazo. La convocatoria comenz\u00f3 a las 17 y tuvo su momento principal poco despu\u00e9s de las 18.30, cuando los jugadores del plantel de Primera Divisi\u00f3n salieron al campo de juego. El ritual de los hinchas [&hellip;]<\/p>\n","protected":false},"author":2,"featured_media":23332,"comment_status":"open","ping_status":"open","sticky":false,"template":"","format":"standard","meta":{"h5ap_radio_sources":[],"footnotes":""},"categories":[1],"tags":[],"class_list":["post-23331","post","type-post","status-publish","format-standard","has-post-thumbnail","hentry","category-uncategorized"],"_links":{"self":[{"href":"https:\/\/mitrerosario.com.ar\/inicio\/index.php\/wp-json\/wp\/v2\/posts\/23331","targetHints":{"allow":["GET"]}}],"collection":[{"href":"https:\/\/mitrerosario.com.ar\/inicio\/index.php\/wp-json\/wp\/v2\/posts"}],"about":[{"href":"https:\/\/mitrerosario.com.ar\/inicio\/index.php\/wp-json\/wp\/v2\/types\/post"}],"author":[{"embeddable":true,"href":"https:\/\/mitrerosario.com.ar\/inicio\/index.php\/wp-json\/wp\/v2\/users\/2"}],"replies":[{"embeddable":true,"href":"https:\/\/mitrerosario.com.ar\/inicio\/index.php\/wp-json\/wp\/v2\/comments?post=23331"}],"version-history":[{"count":1,"href":"https:\/\/mitrerosario.com.ar\/inicio\/index.php\/wp-json\/wp\/v2\/posts\/23331\/revisions"}],"predecessor-version":[{"id":23333,"href":"https:\/\/mitrerosario.com.ar\/inicio\/index.php\/wp-json\/wp\/v2\/posts\/23331\/revisions\/23333"}],"wp:featuredmedia":[{"embeddable":true,"href":"https:\/\/mitrerosario.com.ar\/inicio\/index.php\/wp-json\/wp\/v2\/media\/23332"}],"wp:attachment":[{"href":"https:\/\/mitrerosario.com.ar\/inicio\/index.php\/wp-json\/wp\/v2\/media?parent=23331"}],"wp:term":[{"taxonomy":"category","embeddable":true,"href":"https:\/\/mitrerosario.com.ar\/inicio\/index.php\/wp-json\/wp\/v2\/categories?post=23331"},{"taxonomy":"post_tag","embeddable":true,"href":"https:\/\/mitrerosario.com.ar\/inicio\/index.php\/wp-json\/wp\/v2\/tags?post=23331"}],"curies":[{"name":"wp","href":"https:\/\/api.w.org\/{rel}","templated":true}]}}