{"id":23348,"date":"2026-09-04T16:38:04","date_gmt":"2026-09-04T16:38:04","guid":{"rendered":"https:\/\/mitrerosario.com.ar\/inicio\/?p=23348"},"modified":"2026-09-04T16:38:04","modified_gmt":"2026-09-04T16:38:04","slug":"un-adolescente-ataco-a-otro-con-un-cuchillo-durante-una-pelea-a-la-salida-de-una-escuela-de-zona-sur","status":"publish","type":"post","link":"https:\/\/mitrerosario.com.ar\/inicio\/index.php\/2026\/09\/04\/un-adolescente-ataco-a-otro-con-un-cuchillo-durante-una-pelea-a-la-salida-de-una-escuela-de-zona-sur\/","title":{"rendered":"Un adolescente atac\u00f3 a otro con un cuchillo durante una pelea a la salida de una escuela de zona sur"},"content":{"rendered":"\n<p class=\"wp-block-paragraph\">Un caso de violencia entre dos menores de edad ocurri\u00f3 este jueves por la tarde en las inmediaciones de l<strong>a Escuela Particular N\u00b0 1376 San Antonio de la zona sur de Rosario. Un estudiante de 15 a\u00f1os fue agredido con un arma blanca por un compa\u00f1ero y termin\u00f3 hospitalizado.<\/strong><\/p>\n\n\n\n<p class=\"wp-block-paragraph\">El hecho sucedi\u00f3 pasadas las 18:30 en <strong>Maip\u00fa y Ayolas<\/strong>, a metros de la puerta de ingreso a la instituci\u00f3n. Seg\u00fan las primeras informaciones, tras finalizar las actividades educativas, un adolescente le provoc\u00f3 un corte en el cuerpo a otro con un cuchillo en el marco de una gresca.<\/p>\n\n\n\n<p class=\"wp-block-paragraph\">Minutos m\u00e1s tarde, el herido fue trasladado a un hospital de la zona, donde le diagnosticaron escoriaciones cerca del cuello, a la altura de la clav\u00edcula derecha. Recibi\u00f3 atenci\u00f3n m\u00e9dica y est\u00e1 fuera de peligro.<\/p>\n\n\n\n<p class=\"wp-block-paragraph\">La polic\u00eda se present\u00f3 en las afueras de la escuela y secuestr\u00f3 el arma blanca utilizada en el ataque. El agresor no fue detenido.<\/p>\n","protected":false},"excerpt":{"rendered":"<p>El episodio tuvo lugar este jueves por la tarde en el establecimiento educativo N\u00b0 1.379 San Antonio, de Maip\u00fa y Ayolas. La v\u00edctima de 15 a\u00f1os fue hospitalizada por una herida leve de arma blanca en la clav\u00edcula y est\u00e1 fuera de peligro.<\/p>\n","protected":false},"author":2,"featured_media":23349,"comment_status":"open","ping_status":"open","sticky":false,"template":"","format":"standard","meta":{"h5ap_radio_sources":[],"footnotes":""},"categories":[1],"tags":[],"class_list":["post-23348","post","type-post","status-publish","format-standard","has-post-thumbnail","hentry","category-uncategorized"],"_links":{"self":[{"href":"https:\/\/mitrerosario.com.ar\/inicio\/index.php\/wp-json\/wp\/v2\/posts\/23348","targetHints":{"allow":["GET"]}}],"collection":[{"href":"https:\/\/mitrerosario.com.ar\/inicio\/index.php\/wp-json\/wp\/v2\/posts"}],"about":[{"href":"https:\/\/mitrerosario.com.ar\/inicio\/index.php\/wp-json\/wp\/v2\/types\/post"}],"author":[{"embeddable":true,"href":"https:\/\/mitrerosario.com.ar\/inicio\/index.php\/wp-json\/wp\/v2\/users\/2"}],"replies":[{"embeddable":true,"href":"https:\/\/mitrerosario.com.ar\/inicio\/index.php\/wp-json\/wp\/v2\/comments?post=23348"}],"version-history":[{"count":1,"href":"https:\/\/mitrerosario.com.ar\/inicio\/index.php\/wp-json\/wp\/v2\/posts\/23348\/revisions"}],"predecessor-version":[{"id":23350,"href":"https:\/\/mitrerosario.com.ar\/inicio\/index.php\/wp-json\/wp\/v2\/posts\/23348\/revisions\/23350"}],"wp:featuredmedia":[{"embeddable":true,"href":"https:\/\/mitrerosario.com.ar\/inicio\/index.php\/wp-json\/wp\/v2\/media\/23349"}],"wp:attachment":[{"href":"https:\/\/mitrerosario.com.ar\/inicio\/index.php\/wp-json\/wp\/v2\/media?parent=23348"}],"wp:term":[{"taxonomy":"category","embeddable":true,"href":"https:\/\/mitrerosario.com.ar\/inicio\/index.php\/wp-json\/wp\/v2\/categories?post=23348"},{"taxonomy":"post_tag","embeddable":true,"href":"https:\/\/mitrerosario.com.ar\/inicio\/index.php\/wp-json\/wp\/v2\/tags?post=23348"}],"curies":[{"name":"wp","href":"https:\/\/api.w.org\/{rel}","templated":true}]}}