{"id":23352,"date":"2026-09-04T16:39:15","date_gmt":"2026-09-04T16:39:15","guid":{"rendered":"https:\/\/mitrerosario.com.ar\/inicio\/?p=23352"},"modified":"2026-09-04T16:39:15","modified_gmt":"2026-09-04T16:39:15","slug":"mas-de-300-detenidos-fueron-trasladados-a-la-nueva-carcel-de-recreo-en-las-primeras-horas-de-apertura","status":"publish","type":"post","link":"https:\/\/mitrerosario.com.ar\/inicio\/index.php\/2026\/09\/04\/mas-de-300-detenidos-fueron-trasladados-a-la-nueva-carcel-de-recreo-en-las-primeras-horas-de-apertura\/","title":{"rendered":"M\u00e1s de 300 detenidos fueron trasladados a la nueva c\u00e1rcel de Recreo en las primeras horas de apertura"},"content":{"rendered":"\n<p class=\"wp-block-paragraph\">Un total de <strong>380 detenidos ya se encuentran alojados en las celdas de la Unidad Penitenciaria N\u00b09 de Recreo<\/strong> , que fue inaugurada este jueves por el gobernador Maximiliano Pullaro.&nbsp;<\/p>\n\n\n\n<p class=\"wp-block-paragraph\">As\u00ed lo confirm\u00f3 la vocera provincial, Virginia Coudannes, a trav\u00e9s de una conferencia de prensa en Santa Fe en la que se refiri\u00f3 a lo ocurrido durante las primeras horas en el penal, ubicado a unos 180 kil\u00f3metros de Rosario.&nbsp;<\/p>\n\n\n\n<p class=\"wp-block-paragraph\">El lugar de detenci\u00f3n cuenta con una capacidad de <strong>891 plazas distribuidas en 475 celdas. El sitio cuenta con un sector para hombres (640) y otro para mujeres (251).<\/strong> En este sentido, la funcionaria mencion\u00f3 que los reclusos fueron trasladados entre este jueves y viernes desde las comisar\u00edas 10\u00b0, 7\u00b0, 9\u00b0, 27\u00b0 y subcomisar\u00eda 2\u00aa de la ciudad capital.&nbsp;<\/p>\n\n\n\n<p class=\"wp-block-paragraph\">A su vez, Coudannes recalc\u00f3 que la obra que conllev\u00f3 una inversi\u00f3n de 80 millones de d\u00f3lares \u201ces un pilar fundamental en el plan de seguridad\u201d y destac\u00f3 la instalaci\u00f3n de un <strong>sistema de videovigilancia con m\u00e1s de 400 c\u00e1maras con inteligencia artificial<\/strong> para permiten rastrear los movimientos de los presos.<\/p>\n","protected":false},"excerpt":{"rendered":"<p>El Gobierno de Santa Fe brind\u00f3 detalles este viernes sobre la apertura de la Unidad Penitenciaria N\u00b0 9 del departamento La Capital que cuenta con 891 plazas para reclusos de la provincia.<\/p>\n","protected":false},"author":2,"featured_media":23353,"comment_status":"open","ping_status":"open","sticky":false,"template":"","format":"standard","meta":{"h5ap_radio_sources":[],"footnotes":""},"categories":[1],"tags":[],"class_list":["post-23352","post","type-post","status-publish","format-standard","has-post-thumbnail","hentry","category-uncategorized"],"_links":{"self":[{"href":"https:\/\/mitrerosario.com.ar\/inicio\/index.php\/wp-json\/wp\/v2\/posts\/23352","targetHints":{"allow":["GET"]}}],"collection":[{"href":"https:\/\/mitrerosario.com.ar\/inicio\/index.php\/wp-json\/wp\/v2\/posts"}],"about":[{"href":"https:\/\/mitrerosario.com.ar\/inicio\/index.php\/wp-json\/wp\/v2\/types\/post"}],"author":[{"embeddable":true,"href":"https:\/\/mitrerosario.com.ar\/inicio\/index.php\/wp-json\/wp\/v2\/users\/2"}],"replies":[{"embeddable":true,"href":"https:\/\/mitrerosario.com.ar\/inicio\/index.php\/wp-json\/wp\/v2\/comments?post=23352"}],"version-history":[{"count":1,"href":"https:\/\/mitrerosario.com.ar\/inicio\/index.php\/wp-json\/wp\/v2\/posts\/23352\/revisions"}],"predecessor-version":[{"id":23354,"href":"https:\/\/mitrerosario.com.ar\/inicio\/index.php\/wp-json\/wp\/v2\/posts\/23352\/revisions\/23354"}],"wp:featuredmedia":[{"embeddable":true,"href":"https:\/\/mitrerosario.com.ar\/inicio\/index.php\/wp-json\/wp\/v2\/media\/23353"}],"wp:attachment":[{"href":"https:\/\/mitrerosario.com.ar\/inicio\/index.php\/wp-json\/wp\/v2\/media?parent=23352"}],"wp:term":[{"taxonomy":"category","embeddable":true,"href":"https:\/\/mitrerosario.com.ar\/inicio\/index.php\/wp-json\/wp\/v2\/categories?post=23352"},{"taxonomy":"post_tag","embeddable":true,"href":"https:\/\/mitrerosario.com.ar\/inicio\/index.php\/wp-json\/wp\/v2\/tags?post=23352"}],"curies":[{"name":"wp","href":"https:\/\/api.w.org\/{rel}","templated":true}]}}