{"id":23356,"date":"2026-09-04T22:08:42","date_gmt":"2026-09-04T22:08:42","guid":{"rendered":"https:\/\/mitrerosario.com.ar\/inicio\/?p=23356"},"modified":"2026-09-04T22:08:42","modified_gmt":"2026-09-04T22:08:42","slug":"reino-unido-respondio-a-milei-por-malvinas-nuestras-fuerzas-armadas-estan-en-estado-de-alerta-las-24-horas-del-dia","status":"publish","type":"post","link":"https:\/\/mitrerosario.com.ar\/inicio\/index.php\/2026\/09\/04\/reino-unido-respondio-a-milei-por-malvinas-nuestras-fuerzas-armadas-estan-en-estado-de-alerta-las-24-horas-del-dia\/","title":{"rendered":"Reino Unido respondi\u00f3 a Milei por Malvinas: \u00abNuestras fuerzas armadas est\u00e1n en estado de alerta las 24 horas del d\u00eda\u00bb"},"content":{"rendered":"\n<p class=\"wp-block-paragraph\">Un portavoz de Downing Street afirm\u00f3, en declaraciones difundidas por la BBC, que la postura del Reino Unido sobre las Islas Malvinas es \u00abinquebrantable\u00bb. Tambi\u00e9n se\u00f1al\u00f3 que el primer ministro brit\u00e1nico, Andy Burnham, \u00abapoya plenamente el deseo de los isle\u00f1os de seguir siendo un territorio brit\u00e1nico de ultramar\u00bb.<\/p>\n\n\n\n<p class=\"wp-block-paragraph\">Respecto a las fuerzas con las que cuenta Reino Unido para defender la soberan\u00eda de las islas, el portavoz se\u00f1al\u00f3: \u00abPermanecer\u00e1n all\u00ed mientras los isle\u00f1os as\u00ed lo deseen\u00bb. En ese sentido, agreg\u00f3: \u00abNuestras fuerzas armadas est\u00e1n en estado de alerta las 24 horas del d\u00eda, los 7 d\u00edas de la semana, para proteger al Reino Unido y nuestros intereses\u00bb.<\/p>\n\n\n\n<p class=\"wp-block-paragraph\">Asimismo, desde Downing Street manifestaron: \u201cNo es la primera vez que un Gobierno argentino pronuncia amenazas contra los isle\u00f1os. Nosotros dejamos claro que la autodeterminaci\u00f3n de esos habitantes se extiende al derecho a explotar sus riquezas naturales\u201d.<\/p>\n\n\n\n<p class=\"wp-block-paragraph\">Tambi\u00e9n se pronunci\u00f3 el secretario de Defensa brit\u00e1nico, Wes Streeting, quien respald\u00f3 la posici\u00f3n hist\u00f3rica de Londres y apel\u00f3 al principio de autodeterminaci\u00f3n de los habitantes de las islas. \u201cLas Malvinas son brit\u00e1nicas porque los habitantes de las Malvinas eligen ser brit\u00e1nicos\u201d, sostuvo en redes sociales.<\/p>\n\n\n\n<p class=\"wp-block-paragraph\">Streeting adem\u00e1s cuestion\u00f3 el mensaje de Milei y afirm\u00f3 que sus declaraciones \u201cdicen m\u00e1s sobre la pol\u00edtica interna de la Argentina que sobre las Islas Malvinas\u201d. El funcionario cerr\u00f3 su mensaje con una definici\u00f3n tajante: \u201cNuestro compromiso con las Malvinas es absoluto e inquebrantable\u201d.<\/p>\n","protected":false},"excerpt":{"rendered":"<p>Un portavoz de Downing Street afirm\u00f3, en declaraciones difundidas por la BBC, que la postura del Reino Unido sobre las Islas Malvinas es \u00abinquebrantable\u00bb. Tambi\u00e9n se\u00f1al\u00f3 que el primer ministro brit\u00e1nico, Andy Burnham, \u00abapoya plenamente el deseo de los isle\u00f1os de seguir siendo un territorio brit\u00e1nico de ultramar\u00bb. Respecto a las fuerzas con las que [&hellip;]<\/p>\n","protected":false},"author":2,"featured_media":23357,"comment_status":"open","ping_status":"open","sticky":false,"template":"","format":"standard","meta":{"h5ap_radio_sources":[],"footnotes":""},"categories":[1],"tags":[],"class_list":["post-23356","post","type-post","status-publish","format-standard","has-post-thumbnail","hentry","category-uncategorized"],"_links":{"self":[{"href":"https:\/\/mitrerosario.com.ar\/inicio\/index.php\/wp-json\/wp\/v2\/posts\/23356","targetHints":{"allow":["GET"]}}],"collection":[{"href":"https:\/\/mitrerosario.com.ar\/inicio\/index.php\/wp-json\/wp\/v2\/posts"}],"about":[{"href":"https:\/\/mitrerosario.com.ar\/inicio\/index.php\/wp-json\/wp\/v2\/types\/post"}],"author":[{"embeddable":true,"href":"https:\/\/mitrerosario.com.ar\/inicio\/index.php\/wp-json\/wp\/v2\/users\/2"}],"replies":[{"embeddable":true,"href":"https:\/\/mitrerosario.com.ar\/inicio\/index.php\/wp-json\/wp\/v2\/comments?post=23356"}],"version-history":[{"count":1,"href":"https:\/\/mitrerosario.com.ar\/inicio\/index.php\/wp-json\/wp\/v2\/posts\/23356\/revisions"}],"predecessor-version":[{"id":23358,"href":"https:\/\/mitrerosario.com.ar\/inicio\/index.php\/wp-json\/wp\/v2\/posts\/23356\/revisions\/23358"}],"wp:featuredmedia":[{"embeddable":true,"href":"https:\/\/mitrerosario.com.ar\/inicio\/index.php\/wp-json\/wp\/v2\/media\/23357"}],"wp:attachment":[{"href":"https:\/\/mitrerosario.com.ar\/inicio\/index.php\/wp-json\/wp\/v2\/media?parent=23356"}],"wp:term":[{"taxonomy":"category","embeddable":true,"href":"https:\/\/mitrerosario.com.ar\/inicio\/index.php\/wp-json\/wp\/v2\/categories?post=23356"},{"taxonomy":"post_tag","embeddable":true,"href":"https:\/\/mitrerosario.com.ar\/inicio\/index.php\/wp-json\/wp\/v2\/tags?post=23356"}],"curies":[{"name":"wp","href":"https:\/\/api.w.org\/{rel}","templated":true}]}}