{"id":23359,"date":"2026-09-04T22:47:32","date_gmt":"2026-09-04T22:47:32","guid":{"rendered":"https:\/\/mitrerosario.com.ar\/inicio\/?p=23359"},"modified":"2026-09-04T22:47:32","modified_gmt":"2026-09-04T22:47:32","slug":"marcelo-gallardo-acordo-y-sera-el-nuevo-entrenador-de-la-seleccion-de-ecuador","status":"publish","type":"post","link":"https:\/\/mitrerosario.com.ar\/inicio\/index.php\/2026\/09\/04\/marcelo-gallardo-acordo-y-sera-el-nuevo-entrenador-de-la-seleccion-de-ecuador\/","title":{"rendered":"Marcelo Gallardo acord\u00f3 y ser\u00e1 el nuevo entrenador de la Selecci\u00f3n de Ecuador"},"content":{"rendered":"\n<p class=\"wp-block-paragraph\">Marcelo Gallardo viajar\u00e1 en los pr\u00f3ximos d\u00edas a Quito para firmar su contrato y asumir formalmente como entrenador de Ecuador. Su debut est\u00e1 previsto para fines de septiembre, durante la primera fecha FIFA posterior al Mundial 2026.<\/p>\n\n\n\n<p class=\"wp-block-paragraph\">La Federaci\u00f3n Ecuatoriana vuelve a apostar por un t\u00e9cnico argentino despu\u00e9s del ciclo de Beccacece, quien dirigi\u00f3 al seleccionado durante la Copa del Mundo de 2026. Ecuador qued\u00f3 eliminado ante M\u00e9xico en los 16avos de final, aunque previamente hab\u00eda conseguido un hist\u00f3rico triunfo frente a Alemania en la fase de grupos.<\/p>\n\n\n\n<p class=\"wp-block-paragraph\">Para Gallardo ser\u00e1 su primera experiencia al frente de un seleccionado. El entrenador comenz\u00f3 su carrera en Nacional de Uruguay en 2011 y en junio de 2014 asumi\u00f3 en River, donde se convirti\u00f3 en el t\u00e9cnico m\u00e1s ganador de la historia del club al conquistar 14 t\u00edtulos durante su primera etapa, entre ellos dos Copas Libertadores.<\/p>\n\n\n\n<p class=\"wp-block-paragraph\">Luego de dejar River en 2022, Gallardo dirigi\u00f3 al Al-Ittihad de Arabia Saudita y regres\u00f3 al club de N\u00fa\u00f1ez en agosto de 2024. Sin embargo, su segundo ciclo no tuvo los resultados esperados y termin\u00f3 en febrero de este a\u00f1o, luego de la victoria por 3-1 ante Banfield. Eduardo Coudet tom\u00f3 posteriormente su lugar.<\/p>\n","protected":false},"excerpt":{"rendered":"<p>Marcelo Gallardo viajar\u00e1 en los pr\u00f3ximos d\u00edas a Quito para firmar su contrato y asumir formalmente como entrenador de Ecuador. Su debut est\u00e1 previsto para fines de septiembre, durante la primera fecha FIFA posterior al Mundial 2026. La Federaci\u00f3n Ecuatoriana vuelve a apostar por un t\u00e9cnico argentino despu\u00e9s del ciclo de Beccacece, quien dirigi\u00f3 al [&hellip;]<\/p>\n","protected":false},"author":2,"featured_media":23360,"comment_status":"open","ping_status":"open","sticky":false,"template":"","format":"standard","meta":{"h5ap_radio_sources":[],"footnotes":""},"categories":[1],"tags":[],"class_list":["post-23359","post","type-post","status-publish","format-standard","has-post-thumbnail","hentry","category-uncategorized"],"_links":{"self":[{"href":"https:\/\/mitrerosario.com.ar\/inicio\/index.php\/wp-json\/wp\/v2\/posts\/23359","targetHints":{"allow":["GET"]}}],"collection":[{"href":"https:\/\/mitrerosario.com.ar\/inicio\/index.php\/wp-json\/wp\/v2\/posts"}],"about":[{"href":"https:\/\/mitrerosario.com.ar\/inicio\/index.php\/wp-json\/wp\/v2\/types\/post"}],"author":[{"embeddable":true,"href":"https:\/\/mitrerosario.com.ar\/inicio\/index.php\/wp-json\/wp\/v2\/users\/2"}],"replies":[{"embeddable":true,"href":"https:\/\/mitrerosario.com.ar\/inicio\/index.php\/wp-json\/wp\/v2\/comments?post=23359"}],"version-history":[{"count":1,"href":"https:\/\/mitrerosario.com.ar\/inicio\/index.php\/wp-json\/wp\/v2\/posts\/23359\/revisions"}],"predecessor-version":[{"id":23361,"href":"https:\/\/mitrerosario.com.ar\/inicio\/index.php\/wp-json\/wp\/v2\/posts\/23359\/revisions\/23361"}],"wp:featuredmedia":[{"embeddable":true,"href":"https:\/\/mitrerosario.com.ar\/inicio\/index.php\/wp-json\/wp\/v2\/media\/23360"}],"wp:attachment":[{"href":"https:\/\/mitrerosario.com.ar\/inicio\/index.php\/wp-json\/wp\/v2\/media?parent=23359"}],"wp:term":[{"taxonomy":"category","embeddable":true,"href":"https:\/\/mitrerosario.com.ar\/inicio\/index.php\/wp-json\/wp\/v2\/categories?post=23359"},{"taxonomy":"post_tag","embeddable":true,"href":"https:\/\/mitrerosario.com.ar\/inicio\/index.php\/wp-json\/wp\/v2\/tags?post=23359"}],"curies":[{"name":"wp","href":"https:\/\/api.w.org\/{rel}","templated":true}]}}