{"id":23362,"date":"2026-09-04T23:38:03","date_gmt":"2026-09-04T23:38:03","guid":{"rendered":"https:\/\/mitrerosario.com.ar\/inicio\/?p=23362"},"modified":"2026-09-04T23:38:03","modified_gmt":"2026-09-04T23:38:03","slug":"milei-defendio-su-gestion-ante-empresarios-y-aseguro-voy-a-redoblar-la-ortodoxia","status":"publish","type":"post","link":"https:\/\/mitrerosario.com.ar\/inicio\/index.php\/2026\/09\/04\/milei-defendio-su-gestion-ante-empresarios-y-aseguro-voy-a-redoblar-la-ortodoxia\/","title":{"rendered":"Milei defendi\u00f3 su gesti\u00f3n ante empresarios y asegur\u00f3: \u201cVoy a redoblar la ortodoxia\u201d"},"content":{"rendered":"\n<p class=\"wp-block-paragraph\">El presidente Javier Milei particip\u00f3 este viernes del 47\u00b0 Congreso del Instituto de Altos Ejecutivos de Finanzas (IAEF), que se desarrolla en Puerto Iguaz\u00fa. Durante su discurso, afirm\u00f3 que no modificar\u00e1 su pol\u00edtica fiscal y monetaria, habl\u00f3 de las elecciones de 2027 y destac\u00f3 las inversiones impulsadas por el RIGI.<\/p>\n\n\n\n<p class=\"wp-block-paragraph\">El mandatario expuso en el hotel Loi Suites, donde se desarrolla desde el jueves una de las principales reuniones empresarias y corporativas del a\u00f1o. Al inicio de su discurso, hizo hincapi\u00e9 en la importancia de la \u00abcredibilidad\u00bb y sostuvo que esta \u00abfue poco honrada por la pol\u00edtica\u00bb. \u00abDestruyeron la palabra del Estado y la moneda. Tuvo que venir el primer presidente liberal-libertario para recomponer la moneda\u00bb, afirm\u00f3.<\/p>\n\n\n\n<p class=\"wp-block-paragraph\">En relaci\u00f3n con las elecciones de 2027, Milei asegur\u00f3: \u00abMe pas\u00e9 toda mi vida predicando lo que hab\u00eda que hacer, no voy a llegar a este momento para borrar con el codo lo que escrib\u00ed con la mano\u00bb. En ese sentido, desestim\u00f3 flexibilizar su programa econ\u00f3mico y afirm\u00f3: \u00abSi tuviera un pol\u00edtica monetaria laxa, la inflaci\u00f3n la tendr\u00edamos a la vuelta de la esquina y mi compromiso es terminar de una vez y para siempre con la maldita inflaci\u00f3n\u00bb. Tambi\u00e9n se\u00f1al\u00f3: \u00abVoy a redoblar la ortodoxia. No voy a cambiar ni la pol\u00edtica fiscal ni la pol\u00edtica monetaria: voy a seguir con equilibrio fiscal y voy a seguir apretando la cantidad de dinero hasta derrotar la inflaci\u00f3n\u00bb.<\/p>\n\n\n\n<p class=\"wp-block-paragraph\">El Presidente tambi\u00e9n habl\u00f3 sobre su futuro pol\u00edtico y sostuvo que su \u00abcontrato con los argentinos es cuatro a\u00f1os con opci\u00f3n a ocho\u00bb pero despu\u00e9s de eso tendr\u00e1 que irse \u00aba ganar la vida en el sector privado\u00bb.<\/p>\n\n\n\n<figure class=\"wp-block-embed is-type-rich is-provider-gestor-del-servicio wp-block-embed-gestor-del-servicio wp-embed-aspect-16-9 wp-has-aspect-ratio\"><div class=\"wp-block-embed__wrapper\">\n<iframe title=\"Discurso del Presidente Milei en el IAEF 2026\" width=\"800\" height=\"450\" src=\"https:\/\/www.youtube.com\/embed\/rqyWFPe3yEo?feature=oembed\" frameborder=\"0\" allow=\"accelerometer; autoplay; clipboard-write; encrypted-media; gyroscope; picture-in-picture; web-share\" referrerpolicy=\"strict-origin-when-cross-origin\" allowfullscreen><\/iframe>\n<\/div><\/figure>\n\n\n\n<p class=\"wp-block-paragraph\">Milei tambi\u00e9n defendi\u00f3 las reformas implementadas por su gesti\u00f3n y destac\u00f3 especialmente la modernizaci\u00f3n laboral. \u00abEl a\u00f1o que viene les vamos a ganar porque dudo que los argentinos sean tan tontos de querer volver al pasado\u00bb, sostuvo, y agreg\u00f3 que para tomar decisiones hay que \u00abobservar de d\u00f3nde venimos, d\u00f3nde estamos y hacia d\u00f3nde estamos yendo\u00bb. En la misma l\u00ednea, contrast\u00f3 su gesti\u00f3n con el kirchnerismo y afirm\u00f3 que ese espacio \u00abhizo caer la econom\u00eda cuando el mundo crec\u00eda a tasas m\u00e1s altas\u00bb, mientras que, seg\u00fan sostuvo, su Gobierno est\u00e1 logrando hacer crecer la econom\u00eda en un contexto internacional menos favorable.<\/p>\n\n\n\n<p class=\"wp-block-paragraph\">Por \u00faltimo, el jefe de Estado destac\u00f3 el impacto del RIGI y vincul\u00f3 las inversiones con el reclamo argentino por las Islas Malvinas. Asegur\u00f3 que ya fueron aprobados m\u00e1s de 45.000 millones de d\u00f3lares en inversiones y que existen otros 150.000 millones a la espera de aprobaci\u00f3n. \u00abEstamos hablando de 200.000 millones de d\u00f3lares que van a ser invertidos en nuestra econom\u00eda durante los pr\u00f3ximos a\u00f1os para potenciar distintos sectores con mucho potencial como la generaci\u00f3n de energ\u00eda, la miner\u00eda, la infraestructura, la tecnolog\u00eda y la siderurgia. Sectores que van a expandir a\u00fan m\u00e1s nuestras exportaciones nacionales. Y que dicho sea de paso nos permite ser un jugador importante de manera geopol\u00edtica y nos permite poder avanzar y nos permite ser un jugador importante en el reclamo de nuestra soberan\u00eda sobre Malvinas\u00bb, remarc\u00f3.<\/p>\n\n\n\n<p class=\"wp-block-paragraph\">El discurso se produjo un d\u00eda despu\u00e9s de la cadena nacional en la que anunci\u00f3 medidas contra empresas petroleras que busquen operar en las islas y la construcci\u00f3n de una base naval en Tierra del Fuego.<\/p>\n","protected":false},"excerpt":{"rendered":"<p>El presidente Javier Milei particip\u00f3 este viernes del 47\u00b0 Congreso del Instituto de Altos Ejecutivos de Finanzas (IAEF), que se desarrolla en Puerto Iguaz\u00fa. Durante su discurso, afirm\u00f3 que no modificar\u00e1 su pol\u00edtica fiscal y monetaria, habl\u00f3 de las elecciones de 2027 y destac\u00f3 las inversiones impulsadas por el RIGI. El mandatario expuso en el [&hellip;]<\/p>\n","protected":false},"author":2,"featured_media":23364,"comment_status":"open","ping_status":"open","sticky":false,"template":"","format":"standard","meta":{"h5ap_radio_sources":[],"footnotes":""},"categories":[1],"tags":[],"class_list":["post-23362","post","type-post","status-publish","format-standard","has-post-thumbnail","hentry","category-uncategorized"],"_links":{"self":[{"href":"https:\/\/mitrerosario.com.ar\/inicio\/index.php\/wp-json\/wp\/v2\/posts\/23362","targetHints":{"allow":["GET"]}}],"collection":[{"href":"https:\/\/mitrerosario.com.ar\/inicio\/index.php\/wp-json\/wp\/v2\/posts"}],"about":[{"href":"https:\/\/mitrerosario.com.ar\/inicio\/index.php\/wp-json\/wp\/v2\/types\/post"}],"author":[{"embeddable":true,"href":"https:\/\/mitrerosario.com.ar\/inicio\/index.php\/wp-json\/wp\/v2\/users\/2"}],"replies":[{"embeddable":true,"href":"https:\/\/mitrerosario.com.ar\/inicio\/index.php\/wp-json\/wp\/v2\/comments?post=23362"}],"version-history":[{"count":1,"href":"https:\/\/mitrerosario.com.ar\/inicio\/index.php\/wp-json\/wp\/v2\/posts\/23362\/revisions"}],"predecessor-version":[{"id":23365,"href":"https:\/\/mitrerosario.com.ar\/inicio\/index.php\/wp-json\/wp\/v2\/posts\/23362\/revisions\/23365"}],"wp:featuredmedia":[{"embeddable":true,"href":"https:\/\/mitrerosario.com.ar\/inicio\/index.php\/wp-json\/wp\/v2\/media\/23364"}],"wp:attachment":[{"href":"https:\/\/mitrerosario.com.ar\/inicio\/index.php\/wp-json\/wp\/v2\/media?parent=23362"}],"wp:term":[{"taxonomy":"category","embeddable":true,"href":"https:\/\/mitrerosario.com.ar\/inicio\/index.php\/wp-json\/wp\/v2\/categories?post=23362"},{"taxonomy":"post_tag","embeddable":true,"href":"https:\/\/mitrerosario.com.ar\/inicio\/index.php\/wp-json\/wp\/v2\/tags?post=23362"}],"curies":[{"name":"wp","href":"https:\/\/api.w.org\/{rel}","templated":true}]}}