{"id":6012,"date":"2025-05-17T23:12:07","date_gmt":"2025-05-17T23:12:07","guid":{"rendered":"https:\/\/mitrerosario.com.ar\/inicio\/?p=6012"},"modified":"2025-05-17T23:12:07","modified_gmt":"2025-05-17T23:12:07","slug":"la-provincia-asegura-que-mas-del-90-por-ciento-de-los-docentes-de-escuelas-publicas-no-se-adhirio-al-paro","status":"publish","type":"post","link":"https:\/\/mitrerosario.com.ar\/inicio\/index.php\/2025\/05\/17\/la-provincia-asegura-que-mas-del-90-por-ciento-de-los-docentes-de-escuelas-publicas-no-se-adhirio-al-paro\/","title":{"rendered":"La provincia asegura que m\u00e1s del 90 por ciento de los docentes de escuelas p\u00fablicas no se adhiri\u00f3 al paro"},"content":{"rendered":"\n<p>El Gobierno de Santa Fe afirm\u00f3 este s\u00e1bado que el paro docente en escuelas p\u00fablicas de este 14 de mayo registr\u00f3 el \u00abmayor porcentaje de no adhesi\u00f3n a una medida de fuerza\u00bb, con un 93,56 por ciento de trabajadores que completaron la declaraci\u00f3n jurada.<\/p>\n\n\n\n<p>La cifra fue comunicada esta tarde por el Ministerio de Educaci\u00f3n, a d\u00edas de la protesta impulsada por la Asociaci\u00f3n del Magisterio de Santa Fe (Amsafe) este mi\u00e9rcoles, en rechazo a la propuesta salarial del Ejecutivo provincial presentada en paritarias.&nbsp;<\/p>\n\n\n\n<p>En este sentido, la cartera provincial se\u00f1al\u00f3 que, de un total de 57.336 docentes de gesti\u00f3n oficial, 53.645 ingresaron a la herramienta Mi Legajo y completaron la Declaraci\u00f3n Jurada de Prestaci\u00f3n de Servicio, dando constancia de que acudieron a dar clases.<\/p>\n\n\n\n<p>A su vez, desde el ministerio encabezado por Jos\u00e9 Goity aseguraron que \u201cse est\u00e1 observando a trav\u00e9s de estos relevamientos que hay un aumento sostenido de la presencialidad de docentes en los d\u00edas donde se llevan adelante medidas de fuerza\u00bb.<\/p>\n\n\n\n<p>Por otro lado, la cartera subray\u00f3: \u201cEs el mayor porcentaje registrado de no adhesi\u00f3n a la medida de fuerza, algo que ese mismo d\u00eda se percib\u00eda en toda la provincia, con todas las escuelas abiertas y trabajando con normalidad\u201d.<\/p>\n","protected":false},"excerpt":{"rendered":"<p>El Ministerio de Educaci\u00f3n santafesino destac\u00f3 este s\u00e1bado que se trat\u00f3 del \u00abmayor porcentaje registrado de no adhesi\u00f3n a una medida de fuerza\u00bb, en relaci\u00f3n a la protesta impulsada por Amsafe este 14 de mayo.<\/p>\n","protected":false},"author":2,"featured_media":4683,"comment_status":"open","ping_status":"open","sticky":false,"template":"","format":"standard","meta":{"h5ap_radio_sources":[],"footnotes":""},"categories":[1],"tags":[],"class_list":["post-6012","post","type-post","status-publish","format-standard","has-post-thumbnail","hentry","category-uncategorized"],"_links":{"self":[{"href":"https:\/\/mitrerosario.com.ar\/inicio\/index.php\/wp-json\/wp\/v2\/posts\/6012","targetHints":{"allow":["GET"]}}],"collection":[{"href":"https:\/\/mitrerosario.com.ar\/inicio\/index.php\/wp-json\/wp\/v2\/posts"}],"about":[{"href":"https:\/\/mitrerosario.com.ar\/inicio\/index.php\/wp-json\/wp\/v2\/types\/post"}],"author":[{"embeddable":true,"href":"https:\/\/mitrerosario.com.ar\/inicio\/index.php\/wp-json\/wp\/v2\/users\/2"}],"replies":[{"embeddable":true,"href":"https:\/\/mitrerosario.com.ar\/inicio\/index.php\/wp-json\/wp\/v2\/comments?post=6012"}],"version-history":[{"count":1,"href":"https:\/\/mitrerosario.com.ar\/inicio\/index.php\/wp-json\/wp\/v2\/posts\/6012\/revisions"}],"predecessor-version":[{"id":6013,"href":"https:\/\/mitrerosario.com.ar\/inicio\/index.php\/wp-json\/wp\/v2\/posts\/6012\/revisions\/6013"}],"wp:featuredmedia":[{"embeddable":true,"href":"https:\/\/mitrerosario.com.ar\/inicio\/index.php\/wp-json\/wp\/v2\/media\/4683"}],"wp:attachment":[{"href":"https:\/\/mitrerosario.com.ar\/inicio\/index.php\/wp-json\/wp\/v2\/media?parent=6012"}],"wp:term":[{"taxonomy":"category","embeddable":true,"href":"https:\/\/mitrerosario.com.ar\/inicio\/index.php\/wp-json\/wp\/v2\/categories?post=6012"},{"taxonomy":"post_tag","embeddable":true,"href":"https:\/\/mitrerosario.com.ar\/inicio\/index.php\/wp-json\/wp\/v2\/tags?post=6012"}],"curies":[{"name":"wp","href":"https:\/\/api.w.org\/{rel}","templated":true}]}}